
{"id":28049,"date":"2013-07-02T18:53:39","date_gmt":"2013-07-02T21:53:39","guid":{"rendered":"http:\/\/www.sudoestehoje.com.br\/novoportal\/?p=28049"},"modified":"2013-07-02T18:53:39","modified_gmt":"2013-07-02T21:53:39","slug":"solla-toma-um-chega-pra-la-de-seguranca-de-acm-neto-no-2-de-julho","status":"publish","type":"post","link":"https:\/\/www.sudoestehoje.com.br\/novoportal\/2013\/07\/02\/solla-toma-um-chega-pra-la-de-seguranca-de-acm-neto-no-2-de-julho\/","title":{"rendered":"SOLLA TOMA UM &#8220;CHEGA-PR\u00c1-L\u00c1&#8221; DE SEGURAN\u00c7A DE ACM NETO NO 2 DE JULHO"},"content":{"rendered":"<p style=\"text-align: center;\"><a href=\"http:\/\/www.sudoestehoje.com.br\/novoportal\/wp-content\/uploads\/2013\/07\/IMAGEM-SOLLA.jpg\"><img decoding=\"async\" class=\"aligncenter  wp-image-28052\" alt=\"IMAGEM SOLLA\" src=\"http:\/\/www.sudoestehoje.com.br\/novoportal\/wp-content\/uploads\/2013\/07\/IMAGEM-SOLLA.jpg\" width=\"500\" \/><\/a><\/p>\n<p style=\"text-align: center;\"><em>Seguran\u00e7a de Neto entrou de &#8216;sola&#8217; contra secret\u00e1rio de sa\u00fade<\/em><\/p>\n<p>&nbsp;<\/p>\n<p>O secret\u00e1rio de Sa\u00fade do Estado, Jorge Solla, denunciou ao Bahia Not\u00edcias ter sido agredido com uma cotovelada durante o cortejo do Dois de Julho, na manh\u00e3 desta ter\u00e7a-feira, por um agente que fazia a seguran\u00e7a da comitiva do prefeito ACM Neto (DEM).<\/p>\n<p>De acordo com o titular da Sesab, cerca de 100 pessoas levadas ao desfile pela pasta estavam no Largo da Lapinha, atr\u00e1s do bloco que seguia com o governador Jaques Wagner, quando foram empurradas para abrir passagem ao grupo capitaneado pelo democrata, que mais cedo tinha solicitado a abertura do cord\u00e3o de isolamento, que estaria\u00a0<a href=\"http:\/\/www.bahianoticias.com.br\/principal\/noticia\/139980-039-abre-essa-p-que-ta-muito-apertado-quero-que-o-povo-participe-039-pede-acm-neto-a-seguranca.html\" target=\"_blank\">muito apertado<\/a>.<\/p>\n<p>&#8220;Estava com o pessoal da secretaria, com um monte de testemunha. Est\u00e1vamos logo ap\u00f3s a comitiva do governador e o pessoal de ACM Neto estava for\u00e7ando a passagem, numa trucul\u00eancia s\u00f3, &#8216;lascando&#8217; a multid\u00e3o para passar \u00e0 frente. Estava todo mundo l\u00e1: Neto, Geddel, Imbassahy, Jutahy&#8230; Quando olhei para tr\u00e1s, para reclamar, recebi uma cotovelada no esterno [osso da regi\u00e3o do t\u00f3rax] de um seguran\u00e7a dele. Foi t\u00e3o forte que fiquei com falta de ar&#8221;, relatou Solla, indignado.<\/p>\n<p>Ao ser indagado se tem a inten\u00e7\u00e3o de oficializar a den\u00fancia, Solla respondeu: &#8220;Dar queixa para qu\u00ea?&#8221;. \u00a0Ap\u00f3s o incidente o secret\u00e1rio seguiu normalmente o desfile. Ele n\u00e3o precisou ser medicado. BN<\/p>\n","protected":false},"excerpt":{"rendered":"<p>Seguran\u00e7a de Neto entrou de &#8216;sola&#8217; contra secret\u00e1rio de sa\u00fade &nbsp; O secret\u00e1rio de Sa\u00fade do Estado, Jorge Solla, denunciou ao Bahia Not\u00edcias ter sido agredido com uma cotovelada durante o cortejo do Dois de Julho, na manh\u00e3 desta ter\u00e7a-feira, por um agente que fazia a seguran\u00e7a da comitiva do prefeito ACM Neto (DEM). De [&hellip;]<\/p>\n","protected":false},"author":2,"featured_media":0,"comment_status":"open","ping_status":"open","sticky":false,"template":"","format":"standard","meta":{"footnotes":"","_links_to":"","_links_to_target":""},"categories":[1],"tags":[],"class_list":["post-28049","post","type-post","status-publish","format-standard","hentry","category-geral"],"views":1494,"_links":{"self":[{"href":"https:\/\/www.sudoestehoje.com.br\/novoportal\/wp-json\/wp\/v2\/posts\/28049","targetHints":{"allow":["GET"]}}],"collection":[{"href":"https:\/\/www.sudoestehoje.com.br\/novoportal\/wp-json\/wp\/v2\/posts"}],"about":[{"href":"https:\/\/www.sudoestehoje.com.br\/novoportal\/wp-json\/wp\/v2\/types\/post"}],"author":[{"embeddable":true,"href":"https:\/\/www.sudoestehoje.com.br\/novoportal\/wp-json\/wp\/v2\/users\/2"}],"replies":[{"embeddable":true,"href":"https:\/\/www.sudoestehoje.com.br\/novoportal\/wp-json\/wp\/v2\/comments?post=28049"}],"version-history":[{"count":5,"href":"https:\/\/www.sudoestehoje.com.br\/novoportal\/wp-json\/wp\/v2\/posts\/28049\/revisions"}],"predecessor-version":[{"id":28055,"href":"https:\/\/www.sudoestehoje.com.br\/novoportal\/wp-json\/wp\/v2\/posts\/28049\/revisions\/28055"}],"wp:attachment":[{"href":"https:\/\/www.sudoestehoje.com.br\/novoportal\/wp-json\/wp\/v2\/media?parent=28049"}],"wp:term":[{"taxonomy":"category","embeddable":true,"href":"https:\/\/www.sudoestehoje.com.br\/novoportal\/wp-json\/wp\/v2\/categories?post=28049"},{"taxonomy":"post_tag","embeddable":true,"href":"https:\/\/www.sudoestehoje.com.br\/novoportal\/wp-json\/wp\/v2\/tags?post=28049"}],"curies":[{"name":"wp","href":"https:\/\/api.w.org\/{rel}","templated":true}]}}