
{"id":28017,"date":"2013-07-01T18:48:20","date_gmt":"2013-07-01T21:48:20","guid":{"rendered":"http:\/\/www.sudoestehoje.com.br\/novoportal\/?p=28017"},"modified":"2013-07-01T18:48:20","modified_gmt":"2013-07-01T21:48:20","slug":"paulo-fernandes-comemora-sucesso-do-aniversario-e-sao-joao-de-itarantim","status":"publish","type":"post","link":"https:\/\/www.sudoestehoje.com.br\/novoportal\/2013\/07\/01\/paulo-fernandes-comemora-sucesso-do-aniversario-e-sao-joao-de-itarantim\/","title":{"rendered":"PAULO FERNANDES COMEMORA SUCESSO DO ANIVERS\u00c1RIO E S\u00c3O JO\u00c3O DE ITARANTIM"},"content":{"rendered":"<p><a href=\"http:\/\/www.sudoestehoje.com.br\/novoportal\/wp-content\/uploads\/2013\/07\/PAULO-FERNANDE-E-SERGIO-REIS.jpg\"><img loading=\"lazy\" decoding=\"async\" class=\"aligncenter size-medium wp-image-28020\" alt=\"PAULO FERNANDE E SERGIO REIS\" src=\"http:\/\/www.sudoestehoje.com.br\/novoportal\/wp-content\/uploads\/2013\/07\/PAULO-FERNANDE-E-SERGIO-REIS-500x334.jpg\" width=\"500\" height=\"334\" srcset=\"https:\/\/www.sudoestehoje.com.br\/novoportal\/wp-content\/uploads\/2013\/07\/PAULO-FERNANDE-E-SERGIO-REIS-500x334.jpg 500w, https:\/\/www.sudoestehoje.com.br\/novoportal\/wp-content\/uploads\/2013\/07\/PAULO-FERNANDE-E-SERGIO-REIS.jpg 640w\" sizes=\"auto, (max-width: 500px) 100vw, 500px\" \/><\/a><\/p>\n<p style=\"text-align: center;\"><em>S\u00e9rgio Reis, a maior atra\u00e7\u00e3o da festa, posou ao lado do Prefeito<\/em><\/p>\n<p>&nbsp;<\/p>\n<p>ITARANTIM: Ainda recebendo os telefonemas de felicita\u00e7\u00f5es pela realiza\u00e7\u00e3o da festa de Itarantim, o prefeito Paulo Fernandes disse que ficou feliz em conseguir vencer o desafio de realizar t\u00e3o importantes eventos logo no\u00a0primeiro ano da sua gest\u00e3o. &#8220;A festa foi muito bem organizada, com boas atra\u00e7\u00f5es e teve uma excelente participa\u00e7\u00e3o popular, com mais de 10 mil pessoas visitando o local da festa diariamente. No ano que vem, com certeza realizaremos uma festa ainda melhor&#8221;, disse o prefeito.<\/p>\n<p>Sem d\u00favida, foi um dos maiores eventos j\u00e1 promovidos em Itarantim, pela Prefeitura Municipal, comemorando os 67 anos de emancipa\u00e7\u00e3o pol\u00edtica da cidade e o S\u00e3o Jo\u00e3o. Simplesmente a pra\u00e7a ficou pequena para a grande multid\u00e3o que se formou.<!--more--><\/p>\n<p>Um ponto bastante comentado e elogiado por todos os visitantes e turistas, foi a tranquilidade conferida durante os dias da festa, resultado de um trabalho muito bem elaborado e executado pela Pol\u00edcia Militar. Houve tamb\u00e9m elogios da popula\u00e7\u00e3o ao trabalho de limpeza executado pela Prefeitura.<\/p>\n<p>&#8220;Para n\u00f3s da prefeitura \u00e9 um prazer e uma honra fazer esta festa, pois temos a oportunidade de mostrar as potencialidades de Itarantim. Estou satisfeito com o resultado da festa e agora vamos continuar investindo em obras e a\u00e7\u00f5es que gerem desenvolvimento. Quero agradecer a todos que participaram da organiza\u00e7\u00e3o desta festa, aos funcion\u00e1rios da prefeitura, a popula\u00e7\u00e3o de Itarantim que como sempre mostrou que \u00e9 educada e ordeira, tamb\u00e9m quero agradecer aos visitantes que com sua alegria ajudaram a abrilhantar a nossa festa. No ano que vem, com a permiss\u00e3o de Deus, estaremos todos juntos, realizando mais uma festa de Anivers\u00e1rio da cidade&#8221;, concluiu Dr. Paulo.<\/p>\n<p><em>Ascom PMI<\/em><\/p>\n","protected":false},"excerpt":{"rendered":"<p>S\u00e9rgio Reis, a maior atra\u00e7\u00e3o da festa, posou ao lado do Prefeito &nbsp; ITARANTIM: Ainda recebendo os telefonemas de felicita\u00e7\u00f5es pela realiza\u00e7\u00e3o da festa de Itarantim, o prefeito Paulo Fernandes disse que ficou feliz em conseguir vencer o desafio de realizar t\u00e3o importantes eventos logo no\u00a0primeiro ano da sua gest\u00e3o. &#8220;A festa foi muito bem [&hellip;]<\/p>\n","protected":false},"author":2,"featured_media":0,"comment_status":"open","ping_status":"open","sticky":false,"template":"","format":"standard","meta":{"footnotes":"","_links_to":"","_links_to_target":""},"categories":[1],"tags":[],"class_list":["post-28017","post","type-post","status-publish","format-standard","hentry","category-geral"],"views":2474,"_links":{"self":[{"href":"https:\/\/www.sudoestehoje.com.br\/novoportal\/wp-json\/wp\/v2\/posts\/28017","targetHints":{"allow":["GET"]}}],"collection":[{"href":"https:\/\/www.sudoestehoje.com.br\/novoportal\/wp-json\/wp\/v2\/posts"}],"about":[{"href":"https:\/\/www.sudoestehoje.com.br\/novoportal\/wp-json\/wp\/v2\/types\/post"}],"author":[{"embeddable":true,"href":"https:\/\/www.sudoestehoje.com.br\/novoportal\/wp-json\/wp\/v2\/users\/2"}],"replies":[{"embeddable":true,"href":"https:\/\/www.sudoestehoje.com.br\/novoportal\/wp-json\/wp\/v2\/comments?post=28017"}],"version-history":[{"count":5,"href":"https:\/\/www.sudoestehoje.com.br\/novoportal\/wp-json\/wp\/v2\/posts\/28017\/revisions"}],"predecessor-version":[{"id":28023,"href":"https:\/\/www.sudoestehoje.com.br\/novoportal\/wp-json\/wp\/v2\/posts\/28017\/revisions\/28023"}],"wp:attachment":[{"href":"https:\/\/www.sudoestehoje.com.br\/novoportal\/wp-json\/wp\/v2\/media?parent=28017"}],"wp:term":[{"taxonomy":"category","embeddable":true,"href":"https:\/\/www.sudoestehoje.com.br\/novoportal\/wp-json\/wp\/v2\/categories?post=28017"},{"taxonomy":"post_tag","embeddable":true,"href":"https:\/\/www.sudoestehoje.com.br\/novoportal\/wp-json\/wp\/v2\/tags?post=28017"}],"curies":[{"name":"wp","href":"https:\/\/api.w.org\/{rel}","templated":true}]}}