
{"id":28001,"date":"2013-07-01T17:41:19","date_gmt":"2013-07-01T20:41:19","guid":{"rendered":"http:\/\/www.sudoestehoje.com.br\/novoportal\/?p=28001"},"modified":"2013-07-01T18:20:18","modified_gmt":"2013-07-01T21:20:18","slug":"o-forro-dos-urubus","status":"publish","type":"post","link":"https:\/\/www.sudoestehoje.com.br\/novoportal\/2013\/07\/01\/o-forro-dos-urubus\/","title":{"rendered":"O FORR\u00d3 DOS URUBUS"},"content":{"rendered":"<div><a href=\"http:\/\/www.sudoestehoje.com.br\/novoportal\/wp-content\/uploads\/2013\/07\/urub.jpg\"><img loading=\"lazy\" decoding=\"async\" class=\"aligncenter size-medium wp-image-28002\" alt=\"urub\" src=\"http:\/\/www.sudoestehoje.com.br\/novoportal\/wp-content\/uploads\/2013\/07\/urub-500x375.jpg\" width=\"500\" height=\"375\" srcset=\"https:\/\/www.sudoestehoje.com.br\/novoportal\/wp-content\/uploads\/2013\/07\/urub-500x375.jpg 500w, https:\/\/www.sudoestehoje.com.br\/novoportal\/wp-content\/uploads\/2013\/07\/urub.jpg 640w\" sizes=\"auto, (max-width: 500px) 100vw, 500px\" \/><\/a><\/div>\n<div><\/div>\n<div><\/div>\n<div>O S\u00e3o Jo\u00e3o em Itapetinga foi marcado pelo extremo mau gosto na escolha das atra\u00e7\u00f5es e foi encerrado, pasmem, por uma banda de funk, que espantou do Arrai\u00e1 da Lagoa o restinho de visitantes que l\u00e1 compareceu, no \u00faltimo dia da festa. Mas nem os terr\u00edveis funkeiros conseguiram espantar a urubuzada que resolveu baixar na cidade para curtir o S\u00e3o Pedro na maltratada Av. Paulo Souto, neste \u00faltimo domingo, atra\u00eddos pela sujeira e fedentina. Dizem que os insistentes visitantes sentiram muito a aus\u00eancia do &#8216;manejador oficial de urubus&#8217;, para organizar uma quadrilha e comandar a festan\u00e7a, com a maior compet\u00eancia e conhecimento de causa. Depois fiquei sabendo que estavam todos na quadrilha de Bandeira do Col\u00f4nia&#8230;Viva S\u00e3o Pedro!!!! (Foto G1 Cidade)<\/div>\n","protected":false},"excerpt":{"rendered":"<p>O S\u00e3o Jo\u00e3o em Itapetinga foi marcado pelo extremo mau gosto na escolha das atra\u00e7\u00f5es e foi encerrado, pasmem, por uma banda de funk, que espantou do Arrai\u00e1 da Lagoa o restinho de visitantes que l\u00e1 compareceu, no \u00faltimo dia da festa. Mas nem os terr\u00edveis funkeiros conseguiram espantar a urubuzada que resolveu baixar na [&hellip;]<\/p>\n","protected":false},"author":2,"featured_media":0,"comment_status":"open","ping_status":"open","sticky":false,"template":"","format":"standard","meta":{"footnotes":"","_links_to":"","_links_to_target":""},"categories":[1],"tags":[],"class_list":["post-28001","post","type-post","status-publish","format-standard","hentry","category-geral"],"views":1399,"_links":{"self":[{"href":"https:\/\/www.sudoestehoje.com.br\/novoportal\/wp-json\/wp\/v2\/posts\/28001","targetHints":{"allow":["GET"]}}],"collection":[{"href":"https:\/\/www.sudoestehoje.com.br\/novoportal\/wp-json\/wp\/v2\/posts"}],"about":[{"href":"https:\/\/www.sudoestehoje.com.br\/novoportal\/wp-json\/wp\/v2\/types\/post"}],"author":[{"embeddable":true,"href":"https:\/\/www.sudoestehoje.com.br\/novoportal\/wp-json\/wp\/v2\/users\/2"}],"replies":[{"embeddable":true,"href":"https:\/\/www.sudoestehoje.com.br\/novoportal\/wp-json\/wp\/v2\/comments?post=28001"}],"version-history":[{"count":5,"href":"https:\/\/www.sudoestehoje.com.br\/novoportal\/wp-json\/wp\/v2\/posts\/28001\/revisions"}],"predecessor-version":[{"id":28004,"href":"https:\/\/www.sudoestehoje.com.br\/novoportal\/wp-json\/wp\/v2\/posts\/28001\/revisions\/28004"}],"wp:attachment":[{"href":"https:\/\/www.sudoestehoje.com.br\/novoportal\/wp-json\/wp\/v2\/media?parent=28001"}],"wp:term":[{"taxonomy":"category","embeddable":true,"href":"https:\/\/www.sudoestehoje.com.br\/novoportal\/wp-json\/wp\/v2\/categories?post=28001"},{"taxonomy":"post_tag","embeddable":true,"href":"https:\/\/www.sudoestehoje.com.br\/novoportal\/wp-json\/wp\/v2\/tags?post=28001"}],"curies":[{"name":"wp","href":"https:\/\/api.w.org\/{rel}","templated":true}]}}