
{"id":280,"date":"2010-08-24T00:36:35","date_gmt":"2010-08-24T03:36:35","guid":{"rendered":"http:\/\/sudoestehoje.tempsite.ws\/novoportal\/?p=280"},"modified":"2010-09-18T14:19:42","modified_gmt":"2010-09-18T17:19:42","slug":"perfil-do-candidato-waldenor-pereira-pt","status":"publish","type":"post","link":"https:\/\/www.sudoestehoje.com.br\/novoportal\/2010\/08\/24\/perfil-do-candidato-waldenor-pereira-pt\/","title":{"rendered":"PERFIL DO CANDIDATO: WALDENOR PEREIRA (PT)"},"content":{"rendered":"<div>\n<div style=\"text-align: center;\"><img decoding=\"async\" src=\"http:\/\/www.samuelcelestino.com.br\/fotos\/editor\/Image\/alba\/waldenor_pereira_sorri_cabelo_novo_foto-evilasiojr.jpg\" border=\"0\" alt=\"\" \/><\/div>\n<div style=\"text-align: center;\">WALDENOR PEREIRA (PT) \u00c9 CANDIDATO A DEPUTADO FEDERAL<\/div>\n<p>WALDENOR  , 56 anos, natural de Cacul\u00e9-BA, \u00e9 economista e professor  universit\u00e1rio. \u00c9 p\u00f3s-graduado em Consultoria Empresarial, pelo  CEBRAE\/SUDENE\/UFPE, Metodologia do Ensino Superior, pela UFRRJ e  Programa\u00e7\u00e3o e Or\u00e7amento P\u00fablico, pela UFBA e possui Diploma de Estudos  Avan\u00e7ados &#8211; DEA em Gest\u00e3o P\u00fablica pela Universidade Complutense de  Madrid &#8211; Espanha.<\/p>\n<p>Como professor da Universidade  Estadual do Sudoeste da Bahia (UESB), por duas vezes, foi eleito Reitor  (1995-2002), foi Pr\u00f3-Reitor de Administra\u00e7\u00e3o e Finan\u00e7as (1991-1995),  Coordenador do Colegiado do Curso de Administra\u00e7\u00e3o (1990-1991) e \u00e9  respons\u00e1vel pelas disciplinas Teoria Econ\u00f4mica e Elabora\u00e7\u00e3o e An\u00e1lise de  Projetos do Departamento de Ci\u00eancias Sociais Aplicadas.<\/p>\n<p>Enquanto Reitor, foi, por dois mandatos, Presidente do F\u00f3rum de Reitores das Universidades Estaduais da Bahia.<\/p>\n<p>Como  economista, trabalhou por 15 anos no CEDIN\/SUDIC (\u00d3rg\u00e3o da Secretaria  Estadual de Industria e Com\u00e9rcio) e por 16 anos na PROJETAR &#8211; Projetos e  Consultoria, na fun\u00e7\u00e3o de Consultor Empresarial. Nesses per\u00edodos,  elaborou projetos e prestou consultorias a centenas de empresas  industriais, comerciais e de servi\u00e7os do Estado da Bahia e,  especialmente, da regi\u00e3o sudoeste.<\/p>\n<p>Como pol\u00edtico,  nos \u00faltimos 37 anos participou dos principais movimentos populares de  Vit\u00f3ria da Conquista e regi\u00e3o. Nesse per\u00edodo, foi diretor do Gr\u00eamio  Estudantil da Escola Normal (IEED), dirigente do Centro dos Estudantes  Universit\u00e1rios e Secundaristas de Conquista (CEUSC), presidente da  Comiss\u00e3o Diocesana de Justi\u00e7a e Paz, fundador da Associa\u00e7\u00e3o de  Professores de Vit\u00f3ria da Conquista (APVC), fundador e dirigente da  Central \u00danica dos Trabalhadores (CUT) e da Associa\u00e7\u00e3o dos Docentes da  Universidade Estadual do Sudoeste da Bahia (ADUSB). \u00c9 militante fundador  do Partido dos Trabalhadores (PT) em Vit\u00f3ria da Conquista, tendo sido  candidato e vereador em 1988,\u00a0eleito Deputado Estadual no ano de 2002 e  reeleito em 2006. Atualmente \u00e9 L\u00edder do Governo e da Maioria na  Assembl\u00e9ia Legislativa da Bahia. (Informa\u00e7\u00f5es extaidas\u00a0do site do  candidato)<\/p>\n<p><span style=\"text-decoration: underline;\">COMENT\u00c1RIO DO SITE<\/span><\/p>\n<p>Waldenor  \u00e9 um dos deputados mais influentes da base governista. Embora seu maior  reduto eleitoral esteja fixado em Vit\u00f3ria da Conquista, sua for\u00e7a  pol\u00edtica se irradia por toda a regi\u00e3o, o que lhe garante vota\u00e7\u00f5es  expressivas em diversos munic\u00edpios do sudoeste baiano. Em Itapetinga ele  conta com o apoio determinado dos petistas hist\u00f3ricos, que a cada dia  se\u00a0&#8216;descolam&#8217;\u00a0mais do prefeito Z\u00e9 Carlos, que teria se utilizado do\u00a0PT  como &#8216;trampolim eleitoral&#8217; e que governa com os seus antigos amigos do  extinto\u00a0PFL.<\/p>\n<p><span style=\"text-decoration: underline;\">PALPITE DO BLOGUEIRO<\/span><\/p>\n<p>A  julgar pela determina\u00e7\u00e3o e desejo de supera\u00e7\u00e3o dos militantes petistas  locais e da queda livre dos outros concorrentes, Waldenor poder\u00e1 obter  em Itapetinga\u00a0uma vota\u00e7\u00e3o em torno de\u00a01.500 votos, praticamente a custo  zero.<\/p>\n<\/div>\n","protected":false},"excerpt":{"rendered":"<p>WALDENOR PEREIRA (PT) \u00c9 CANDIDATO A DEPUTADO FEDERAL WALDENOR , 56 anos, natural de Cacul\u00e9-BA, \u00e9 economista e professor universit\u00e1rio. \u00c9 p\u00f3s-graduado em Consultoria Empresarial, pelo CEBRAE\/SUDENE\/UFPE, Metodologia do Ensino Superior, pela UFRRJ e Programa\u00e7\u00e3o e Or\u00e7amento P\u00fablico, pela UFBA e possui Diploma de Estudos Avan\u00e7ados &#8211; DEA em Gest\u00e3o P\u00fablica pela Universidade Complutense de [&hellip;]<\/p>\n","protected":false},"author":1,"featured_media":0,"comment_status":"open","ping_status":"open","sticky":false,"template":"","format":"standard","meta":{"footnotes":"","_links_to":"","_links_to_target":""},"categories":[4],"tags":[],"class_list":["post-280","post","type-post","status-publish","format-standard","hentry","category-politica"],"views":1286,"_links":{"self":[{"href":"https:\/\/www.sudoestehoje.com.br\/novoportal\/wp-json\/wp\/v2\/posts\/280","targetHints":{"allow":["GET"]}}],"collection":[{"href":"https:\/\/www.sudoestehoje.com.br\/novoportal\/wp-json\/wp\/v2\/posts"}],"about":[{"href":"https:\/\/www.sudoestehoje.com.br\/novoportal\/wp-json\/wp\/v2\/types\/post"}],"author":[{"embeddable":true,"href":"https:\/\/www.sudoestehoje.com.br\/novoportal\/wp-json\/wp\/v2\/users\/1"}],"replies":[{"embeddable":true,"href":"https:\/\/www.sudoestehoje.com.br\/novoportal\/wp-json\/wp\/v2\/comments?post=280"}],"version-history":[{"count":1,"href":"https:\/\/www.sudoestehoje.com.br\/novoportal\/wp-json\/wp\/v2\/posts\/280\/revisions"}],"predecessor-version":[{"id":281,"href":"https:\/\/www.sudoestehoje.com.br\/novoportal\/wp-json\/wp\/v2\/posts\/280\/revisions\/281"}],"wp:attachment":[{"href":"https:\/\/www.sudoestehoje.com.br\/novoportal\/wp-json\/wp\/v2\/media?parent=280"}],"wp:term":[{"taxonomy":"category","embeddable":true,"href":"https:\/\/www.sudoestehoje.com.br\/novoportal\/wp-json\/wp\/v2\/categories?post=280"},{"taxonomy":"post_tag","embeddable":true,"href":"https:\/\/www.sudoestehoje.com.br\/novoportal\/wp-json\/wp\/v2\/tags?post=280"}],"curies":[{"name":"wp","href":"https:\/\/api.w.org\/{rel}","templated":true}]}}