
{"id":27883,"date":"2013-06-29T11:11:19","date_gmt":"2013-06-29T14:11:19","guid":{"rendered":"http:\/\/www.sudoestehoje.com.br\/novoportal\/?p=27883"},"modified":"2013-06-29T11:11:19","modified_gmt":"2013-06-29T14:11:19","slug":"aprovacao-de-dilma-cai-27-pontos-apos-protestos-diz-datafolha","status":"publish","type":"post","link":"https:\/\/www.sudoestehoje.com.br\/novoportal\/2013\/06\/29\/aprovacao-de-dilma-cai-27-pontos-apos-protestos-diz-datafolha\/","title":{"rendered":"APROVA\u00c7\u00c3O DE DILMA CAI 27 PONTOS AP\u00d3S PROTESTOS, DIZ DATAFOLHA"},"content":{"rendered":"<p><a href=\"http:\/\/www.sudoestehoje.com.br\/novoportal\/wp-content\/uploads\/2013\/06\/dilma-rousseff-sangra.jpg\"><img loading=\"lazy\" decoding=\"async\" class=\"aligncenter size-medium wp-image-27884\" alt=\"dilma-rousseff-sangra\" src=\"http:\/\/www.sudoestehoje.com.br\/novoportal\/wp-content\/uploads\/2013\/06\/dilma-rousseff-sangra-500x281.jpg\" width=\"500\" height=\"281\" srcset=\"https:\/\/www.sudoestehoje.com.br\/novoportal\/wp-content\/uploads\/2013\/06\/dilma-rousseff-sangra-500x281.jpg 500w, https:\/\/www.sudoestehoje.com.br\/novoportal\/wp-content\/uploads\/2013\/06\/dilma-rousseff-sangra.jpg 597w\" sizes=\"auto, (max-width: 500px) 100vw, 500px\" \/><\/a><\/p>\n<p>&nbsp;<\/p>\n<p>A aprova\u00e7\u00e3o da presidente Dilma Rousseff despencou 27 pontos em tr\u00eas semanas, de acordo com pesquisa Datafolha finalizada nesta sexta-feira (28). Segundo o levantamento, 30% dos brasileiros consideram o governo bom ou \u00f3timo. Antes da s\u00e9rie de protestos ocorridos no pa\u00eds, a aprova\u00e7\u00e3o era de 57%, conforme o mesmo instituto. Em mar\u00e7o, o \u00edndice era ainda mais alto (65%). A gest\u00e3o Dilma foi avaliada como ruim ou p\u00e9ssima por 25% dos brasileiros. Antes, o percentual registrado era de 9%. A petista perdeu mais de 20 pontos em todas as regi\u00f5es do pa\u00eds, recortes de idade, renda e escolaridade. A \u00faltima queda superior a esta foi contabilizada em 1990, quando a poupan\u00e7a dos brasileiros foi confiscada no governo do ent\u00e3o presidente Fernando Collor de Mello. Na \u00e9poca, a queda foi de 35 pontos (71% para 36%) entre mar\u00e7o e junho daquele ano.<\/p>\n","protected":false},"excerpt":{"rendered":"<p>&nbsp; A aprova\u00e7\u00e3o da presidente Dilma Rousseff despencou 27 pontos em tr\u00eas semanas, de acordo com pesquisa Datafolha finalizada nesta sexta-feira (28). Segundo o levantamento, 30% dos brasileiros consideram o governo bom ou \u00f3timo. Antes da s\u00e9rie de protestos ocorridos no pa\u00eds, a aprova\u00e7\u00e3o era de 57%, conforme o mesmo instituto. Em mar\u00e7o, o \u00edndice [&hellip;]<\/p>\n","protected":false},"author":2,"featured_media":0,"comment_status":"open","ping_status":"open","sticky":false,"template":"","format":"standard","meta":{"footnotes":"","_links_to":"","_links_to_target":""},"categories":[1],"tags":[],"class_list":["post-27883","post","type-post","status-publish","format-standard","hentry","category-geral"],"views":1821,"_links":{"self":[{"href":"https:\/\/www.sudoestehoje.com.br\/novoportal\/wp-json\/wp\/v2\/posts\/27883","targetHints":{"allow":["GET"]}}],"collection":[{"href":"https:\/\/www.sudoestehoje.com.br\/novoportal\/wp-json\/wp\/v2\/posts"}],"about":[{"href":"https:\/\/www.sudoestehoje.com.br\/novoportal\/wp-json\/wp\/v2\/types\/post"}],"author":[{"embeddable":true,"href":"https:\/\/www.sudoestehoje.com.br\/novoportal\/wp-json\/wp\/v2\/users\/2"}],"replies":[{"embeddable":true,"href":"https:\/\/www.sudoestehoje.com.br\/novoportal\/wp-json\/wp\/v2\/comments?post=27883"}],"version-history":[{"count":2,"href":"https:\/\/www.sudoestehoje.com.br\/novoportal\/wp-json\/wp\/v2\/posts\/27883\/revisions"}],"predecessor-version":[{"id":27886,"href":"https:\/\/www.sudoestehoje.com.br\/novoportal\/wp-json\/wp\/v2\/posts\/27883\/revisions\/27886"}],"wp:attachment":[{"href":"https:\/\/www.sudoestehoje.com.br\/novoportal\/wp-json\/wp\/v2\/media?parent=27883"}],"wp:term":[{"taxonomy":"category","embeddable":true,"href":"https:\/\/www.sudoestehoje.com.br\/novoportal\/wp-json\/wp\/v2\/categories?post=27883"},{"taxonomy":"post_tag","embeddable":true,"href":"https:\/\/www.sudoestehoje.com.br\/novoportal\/wp-json\/wp\/v2\/tags?post=27883"}],"curies":[{"name":"wp","href":"https:\/\/api.w.org\/{rel}","templated":true}]}}