
{"id":27877,"date":"2013-06-29T01:49:06","date_gmt":"2013-06-29T04:49:06","guid":{"rendered":"http:\/\/www.sudoestehoje.com.br\/novoportal\/?p=27877"},"modified":"2013-06-29T02:06:17","modified_gmt":"2013-06-29T05:06:17","slug":"dilma-desiste-de-participar-da-final-da-copa-das-confederacoes","status":"publish","type":"post","link":"https:\/\/www.sudoestehoje.com.br\/novoportal\/2013\/06\/29\/dilma-desiste-de-participar-da-final-da-copa-das-confederacoes\/","title":{"rendered":"DILMA DESISTE DE PARTICIPAR DA FINAL DA COPA DAS CONFEDERA\u00c7\u00d5ES"},"content":{"rendered":"<p><a href=\"http:\/\/www.sudoestehoje.com.br\/novoportal\/wp-content\/uploads\/2013\/06\/DILMA-BLATER.jpg\"><img loading=\"lazy\" decoding=\"async\" class=\"aligncenter size-full wp-image-27878\" alt=\"DILMA BLATER\" src=\"http:\/\/www.sudoestehoje.com.br\/novoportal\/wp-content\/uploads\/2013\/06\/DILMA-BLATER.jpg\" width=\"500\" height=\"375\" \/><\/a><\/p>\n<p style=\"text-align: center;\">\u00a0<em>Ap\u00f3s vaias em Brasilia, Dilma desiste de ir \u00e0 final no Maracan\u00e3<\/em><\/p>\n<p>&nbsp;<\/p>\n<p>BRAS\u00cdLIA &#8211; A presidente Dilma Rousseff desistiu de assistir \u00e0 final da Copa das Confedera\u00e7\u00f5es, entre Brasil e Espanha, domingo, no Maracan\u00e3. A assessoria do Pal\u00e1cio do Planalto disse que a presidente recebeu o convite da Fifa para a abertura e o encerramento, mas n\u00e3o confirmou presen\u00e7a na \u00faltima partida da competi\u00e7\u00e3o. Na abertura, no est\u00e1dio Man\u00e9 Garrincha, Dilma foi vaiada ao aparecer no tel\u00e3o, quando foi citada pelo presidente da Fifa, Joseph Blatter, e quando declarou aberta a Copa.<\/p>\n<p>A avalia\u00e7\u00e3o de interlocutores da presidente \u00e9 que, em meio a onda de protestos no pa\u00eds, o p\u00fablico do Maracan\u00e3 seria hostil a Dilma. Al\u00e9m disso, dizem auxiliares da presidente, neste fim de semana, a presidente deve se reunir com ministros para discutir a proposta de plebiscito que mandar\u00e1 ao Congresso na pr\u00f3xima ter\u00e7a-feira. Dilma tamb\u00e9m deve preparar a reuni\u00e3o ministerial prevista para os pr\u00f3ximos dias.<\/p>\n","protected":false},"excerpt":{"rendered":"<p>\u00a0Ap\u00f3s vaias em Brasilia, Dilma desiste de ir \u00e0 final no Maracan\u00e3 &nbsp; BRAS\u00cdLIA &#8211; A presidente Dilma Rousseff desistiu de assistir \u00e0 final da Copa das Confedera\u00e7\u00f5es, entre Brasil e Espanha, domingo, no Maracan\u00e3. A assessoria do Pal\u00e1cio do Planalto disse que a presidente recebeu o convite da Fifa para a abertura e o [&hellip;]<\/p>\n","protected":false},"author":2,"featured_media":0,"comment_status":"open","ping_status":"open","sticky":false,"template":"","format":"standard","meta":{"footnotes":"","_links_to":"","_links_to_target":""},"categories":[1],"tags":[],"class_list":["post-27877","post","type-post","status-publish","format-standard","hentry","category-geral"],"views":1272,"_links":{"self":[{"href":"https:\/\/www.sudoestehoje.com.br\/novoportal\/wp-json\/wp\/v2\/posts\/27877","targetHints":{"allow":["GET"]}}],"collection":[{"href":"https:\/\/www.sudoestehoje.com.br\/novoportal\/wp-json\/wp\/v2\/posts"}],"about":[{"href":"https:\/\/www.sudoestehoje.com.br\/novoportal\/wp-json\/wp\/v2\/types\/post"}],"author":[{"embeddable":true,"href":"https:\/\/www.sudoestehoje.com.br\/novoportal\/wp-json\/wp\/v2\/users\/2"}],"replies":[{"embeddable":true,"href":"https:\/\/www.sudoestehoje.com.br\/novoportal\/wp-json\/wp\/v2\/comments?post=27877"}],"version-history":[{"count":3,"href":"https:\/\/www.sudoestehoje.com.br\/novoportal\/wp-json\/wp\/v2\/posts\/27877\/revisions"}],"predecessor-version":[{"id":27880,"href":"https:\/\/www.sudoestehoje.com.br\/novoportal\/wp-json\/wp\/v2\/posts\/27877\/revisions\/27880"}],"wp:attachment":[{"href":"https:\/\/www.sudoestehoje.com.br\/novoportal\/wp-json\/wp\/v2\/media?parent=27877"}],"wp:term":[{"taxonomy":"category","embeddable":true,"href":"https:\/\/www.sudoestehoje.com.br\/novoportal\/wp-json\/wp\/v2\/categories?post=27877"},{"taxonomy":"post_tag","embeddable":true,"href":"https:\/\/www.sudoestehoje.com.br\/novoportal\/wp-json\/wp\/v2\/tags?post=27877"}],"curies":[{"name":"wp","href":"https:\/\/api.w.org\/{rel}","templated":true}]}}