
{"id":27851,"date":"2013-06-28T20:40:25","date_gmt":"2013-06-28T23:40:25","guid":{"rendered":"http:\/\/www.sudoestehoje.com.br\/novoportal\/?p=27851"},"modified":"2013-06-28T20:40:25","modified_gmt":"2013-06-28T23:40:25","slug":"falece-o-pai-do-vereador-jose-roberto","status":"publish","type":"post","link":"https:\/\/www.sudoestehoje.com.br\/novoportal\/2013\/06\/28\/falece-o-pai-do-vereador-jose-roberto\/","title":{"rendered":"FALECE O PAI DO VEREADOR JOS\u00c9 ROBERTO"},"content":{"rendered":"<p><a href=\"http:\/\/www.sudoestehoje.com.br\/novoportal\/wp-content\/uploads\/2013\/06\/DSC_4385.jpg\"><img decoding=\"async\" class=\" wp-image-27853 alignleft\" alt=\"DSC_4385\" src=\"http:\/\/www.sudoestehoje.com.br\/novoportal\/wp-content\/uploads\/2013\/06\/DSC_4385.jpg\" width=\"230\" \/><\/a><\/p>\n<p>Na sess\u00e3o dessa quarta-feira (26), o vereador Jos\u00e9 Roberto (PDT) falou sobre o falecimento do seu pai, o senhor Jos\u00e9 Bonfim Menezes, ocorrido no dia 14 de junho em Aracaju-SE. \u201cUm grande homem, que, com muita dignidade, formou todos os filhos, trabalhou honestamente, muito \u00e9tico, viveu 87 anos, uma vida extensa, que Deus concedeu ao mesmo\u201d, destacou.<\/p>\n<p>Apesar da dor motivada pela perda, o vereador disse que est\u00e1 feliz porque seu pai partiu feliz por ter deixado uma fam\u00edlia \u00edntegra e muito aben\u00e7oada por Deus. Na oportunidade, agradeceu \u00e0 presidenta Nidia Oliveira a Portaria 525\/13, que decretou luto oficial de tr\u00eas dias em decorr\u00eancia do falecimento do senhor Jos\u00e9 Bonfim Menezes e agradeceu tamb\u00e9m o telegrama enviado pela Prefeitura Municipal.<\/p>\n<p><em>Ascom CMI<\/em><\/p>\n","protected":false},"excerpt":{"rendered":"<p>Na sess\u00e3o dessa quarta-feira (26), o vereador Jos\u00e9 Roberto (PDT) falou sobre o falecimento do seu pai, o senhor Jos\u00e9 Bonfim Menezes, ocorrido no dia 14 de junho em Aracaju-SE. \u201cUm grande homem, que, com muita dignidade, formou todos os filhos, trabalhou honestamente, muito \u00e9tico, viveu 87 anos, uma vida extensa, que Deus concedeu ao [&hellip;]<\/p>\n","protected":false},"author":2,"featured_media":0,"comment_status":"open","ping_status":"open","sticky":false,"template":"","format":"standard","meta":{"footnotes":"","_links_to":"","_links_to_target":""},"categories":[1],"tags":[],"class_list":["post-27851","post","type-post","status-publish","format-standard","hentry","category-geral"],"views":1707,"_links":{"self":[{"href":"https:\/\/www.sudoestehoje.com.br\/novoportal\/wp-json\/wp\/v2\/posts\/27851","targetHints":{"allow":["GET"]}}],"collection":[{"href":"https:\/\/www.sudoestehoje.com.br\/novoportal\/wp-json\/wp\/v2\/posts"}],"about":[{"href":"https:\/\/www.sudoestehoje.com.br\/novoportal\/wp-json\/wp\/v2\/types\/post"}],"author":[{"embeddable":true,"href":"https:\/\/www.sudoestehoje.com.br\/novoportal\/wp-json\/wp\/v2\/users\/2"}],"replies":[{"embeddable":true,"href":"https:\/\/www.sudoestehoje.com.br\/novoportal\/wp-json\/wp\/v2\/comments?post=27851"}],"version-history":[{"count":5,"href":"https:\/\/www.sudoestehoje.com.br\/novoportal\/wp-json\/wp\/v2\/posts\/27851\/revisions"}],"predecessor-version":[{"id":27857,"href":"https:\/\/www.sudoestehoje.com.br\/novoportal\/wp-json\/wp\/v2\/posts\/27851\/revisions\/27857"}],"wp:attachment":[{"href":"https:\/\/www.sudoestehoje.com.br\/novoportal\/wp-json\/wp\/v2\/media?parent=27851"}],"wp:term":[{"taxonomy":"category","embeddable":true,"href":"https:\/\/www.sudoestehoje.com.br\/novoportal\/wp-json\/wp\/v2\/categories?post=27851"},{"taxonomy":"post_tag","embeddable":true,"href":"https:\/\/www.sudoestehoje.com.br\/novoportal\/wp-json\/wp\/v2\/tags?post=27851"}],"curies":[{"name":"wp","href":"https:\/\/api.w.org\/{rel}","templated":true}]}}