
{"id":27847,"date":"2013-06-28T20:23:47","date_gmt":"2013-06-28T23:23:47","guid":{"rendered":"http:\/\/www.sudoestehoje.com.br\/novoportal\/?p=27847"},"modified":"2013-06-28T20:23:47","modified_gmt":"2013-06-28T23:23:47","slug":"deputado-sandro-regis-comemora-aprovacao-das-pecs-da-moralidade","status":"publish","type":"post","link":"https:\/\/www.sudoestehoje.com.br\/novoportal\/2013\/06\/28\/deputado-sandro-regis-comemora-aprovacao-das-pecs-da-moralidade\/","title":{"rendered":"DEPUTADO SANDRO R\u00c9GIS COMEMORA APROVA\u00c7\u00c3O DAS &#8220;PECs DA MORALIDADE\u201d"},"content":{"rendered":"<p style=\"text-align: center;\"><a href=\"http:\/\/www.sudoestehoje.com.br\/novoportal\/wp-content\/uploads\/2013\/06\/sandro-metro1.jpg\"><img decoding=\"async\" class=\"aligncenter  wp-image-27848\" alt=\"sandro-metro1\" src=\"http:\/\/www.sudoestehoje.com.br\/novoportal\/wp-content\/uploads\/2013\/06\/sandro-metro1-500x375.jpg\" width=\"450\" srcset=\"https:\/\/www.sudoestehoje.com.br\/novoportal\/wp-content\/uploads\/2013\/06\/sandro-metro1-500x375.jpg 500w, https:\/\/www.sudoestehoje.com.br\/novoportal\/wp-content\/uploads\/2013\/06\/sandro-metro1.jpg 525w\" sizes=\"(max-width: 500px) 100vw, 500px\" \/><\/a><\/p>\n<p>&nbsp;<\/p>\n<p>O 2\u00ba vice-presidente da Assembleia Legislativa da Bahia, deputado Sandro R\u00e9gis, comemorou a aprova\u00e7\u00e3o das Propostas de Emendas \u00e0 Constitui\u00e7\u00e3o (PECs) que reduzem o recesso parlamentar de 90 para 60 dias e incluem o servi\u00e7o p\u00fablico estadual na Ficha Limpa. A vota\u00e7\u00e3o ocorreu ontem, quinta-feira (27), ap\u00f3s uma sess\u00e3o de dez horas de debates.<\/p>\n<p>\u201cCom a aprova\u00e7\u00e3o das duas PECs, a Assembleia d\u00e1 uma resposta \u00e0 popula\u00e7\u00e3o baiana, que vem protestando e mostrando o seu descontentamento, tanto na capital como no interior. Com isso, mostramos que este parlamento est\u00e1 atento \u00e0s reivindica\u00e7\u00f5es e sintonizado com o anseio popular\u201d, declarou R\u00e9gis.<\/p>\n<p>As chamadas \u201cPECs da Moralidade\u201d foram apresentadas pelos partidos de oposi\u00e7\u00e3o como parte de um &#8220;Manifesto para uma Nova Bahia&#8221;, e incluem a PEC da Ficha Limpa, que veda o acesso aos cargos p\u00fablicos de pessoas condenadas por corrup\u00e7\u00e3o; a PEC que pro\u00edbe reelei\u00e7\u00e3o ilimitada para o cargo de presidente da Assembleia; e a PEC que reduz o recesso parlamentar de 90 para 60 dias.<\/p>\n<p>A PEC que limita a reelei\u00e7\u00e3o para o cargo de presidente da Assembleia dever\u00e1 ser votada em agosto, ap\u00f3s o recesso parlamentar.<\/p>\n<p id=\"yui_3_7_2_1_1372459448403_3367\"><em>ASCOM deputado Sandro R\u00e9gis<\/em><\/p>\n","protected":false},"excerpt":{"rendered":"<p>&nbsp; O 2\u00ba vice-presidente da Assembleia Legislativa da Bahia, deputado Sandro R\u00e9gis, comemorou a aprova\u00e7\u00e3o das Propostas de Emendas \u00e0 Constitui\u00e7\u00e3o (PECs) que reduzem o recesso parlamentar de 90 para 60 dias e incluem o servi\u00e7o p\u00fablico estadual na Ficha Limpa. A vota\u00e7\u00e3o ocorreu ontem, quinta-feira (27), ap\u00f3s uma sess\u00e3o de dez horas de debates. [&hellip;]<\/p>\n","protected":false},"author":2,"featured_media":0,"comment_status":"open","ping_status":"open","sticky":false,"template":"","format":"standard","meta":{"footnotes":"","_links_to":"","_links_to_target":""},"categories":[1],"tags":[],"class_list":["post-27847","post","type-post","status-publish","format-standard","hentry","category-geral"],"views":1316,"_links":{"self":[{"href":"https:\/\/www.sudoestehoje.com.br\/novoportal\/wp-json\/wp\/v2\/posts\/27847","targetHints":{"allow":["GET"]}}],"collection":[{"href":"https:\/\/www.sudoestehoje.com.br\/novoportal\/wp-json\/wp\/v2\/posts"}],"about":[{"href":"https:\/\/www.sudoestehoje.com.br\/novoportal\/wp-json\/wp\/v2\/types\/post"}],"author":[{"embeddable":true,"href":"https:\/\/www.sudoestehoje.com.br\/novoportal\/wp-json\/wp\/v2\/users\/2"}],"replies":[{"embeddable":true,"href":"https:\/\/www.sudoestehoje.com.br\/novoportal\/wp-json\/wp\/v2\/comments?post=27847"}],"version-history":[{"count":2,"href":"https:\/\/www.sudoestehoje.com.br\/novoportal\/wp-json\/wp\/v2\/posts\/27847\/revisions"}],"predecessor-version":[{"id":27850,"href":"https:\/\/www.sudoestehoje.com.br\/novoportal\/wp-json\/wp\/v2\/posts\/27847\/revisions\/27850"}],"wp:attachment":[{"href":"https:\/\/www.sudoestehoje.com.br\/novoportal\/wp-json\/wp\/v2\/media?parent=27847"}],"wp:term":[{"taxonomy":"category","embeddable":true,"href":"https:\/\/www.sudoestehoje.com.br\/novoportal\/wp-json\/wp\/v2\/categories?post=27847"},{"taxonomy":"post_tag","embeddable":true,"href":"https:\/\/www.sudoestehoje.com.br\/novoportal\/wp-json\/wp\/v2\/tags?post=27847"}],"curies":[{"name":"wp","href":"https:\/\/api.w.org\/{rel}","templated":true}]}}