
{"id":27837,"date":"2013-06-28T19:02:12","date_gmt":"2013-06-28T22:02:12","guid":{"rendered":"http:\/\/www.sudoestehoje.com.br\/novoportal\/?p=27837"},"modified":"2013-06-28T19:02:12","modified_gmt":"2013-06-28T22:02:12","slug":"itororo-ex-prefeito-edineu-volta-a-ser-internado-numa-uti-em-salvador","status":"publish","type":"post","link":"https:\/\/www.sudoestehoje.com.br\/novoportal\/2013\/06\/28\/itororo-ex-prefeito-edineu-volta-a-ser-internado-numa-uti-em-salvador\/","title":{"rendered":"ITOROR\u00d3: EX-PREFEITO EDINEU VOLTA A SER INTERNADO NUMA UTI EM SALVADOR"},"content":{"rendered":"<p><a href=\"http:\/\/www.sudoestehoje.com.br\/novoportal\/wp-content\/uploads\/2013\/06\/GEDC1752.jpg\"><img loading=\"lazy\" decoding=\"async\" class=\"aligncenter size-medium wp-image-27838\" alt=\"GEDSC DIGITAL CAMERA\" src=\"http:\/\/www.sudoestehoje.com.br\/novoportal\/wp-content\/uploads\/2013\/06\/GEDC1752-500x281.jpg\" width=\"500\" height=\"281\" srcset=\"https:\/\/www.sudoestehoje.com.br\/novoportal\/wp-content\/uploads\/2013\/06\/GEDC1752-500x281.jpg 500w, https:\/\/www.sudoestehoje.com.br\/novoportal\/wp-content\/uploads\/2013\/06\/GEDC1752-700x393.jpg 700w, https:\/\/www.sudoestehoje.com.br\/novoportal\/wp-content\/uploads\/2013\/06\/GEDC1752.jpg 1920w\" sizes=\"auto, (max-width: 500px) 100vw, 500px\" \/><\/a><\/p>\n<p>&nbsp;<\/p>\n<p>O estado de sa\u00fade do ex-prefeito de Itoror\u00f3, Edineu Oliveira, se agravou nos \u00faltimos dias e ele teve que ser removido para Salvador, onde se encontra encontra internado na UTI do Hospital Santa Isabel. Segundo informa\u00e7\u00f5es de amigos e familiares, ele teria sofrido um AVC na noite desta quinta-feira (27), sendo transferido com urg\u00eancia para a capital.<\/p>\n<p>Edineu j\u00e1 vinha sofrendo graves crises de sa\u00fade h\u00e1 alguns meses e no \u00faltimo m\u00eas de maio chegou a ser hospitalizado em Itapetinga e Salvador, permanecendo alguns dias internado, mas acabou se restabelecendo e retornando para a sua resid\u00eancia em Itoror\u00f3.<\/p>\n<p><strong><em>Por Davi Ferraz<\/em><\/strong><\/p>\n","protected":false},"excerpt":{"rendered":"<p>&nbsp; O estado de sa\u00fade do ex-prefeito de Itoror\u00f3, Edineu Oliveira, se agravou nos \u00faltimos dias e ele teve que ser removido para Salvador, onde se encontra encontra internado na UTI do Hospital Santa Isabel. Segundo informa\u00e7\u00f5es de amigos e familiares, ele teria sofrido um AVC na noite desta quinta-feira (27), sendo transferido com urg\u00eancia [&hellip;]<\/p>\n","protected":false},"author":2,"featured_media":0,"comment_status":"open","ping_status":"open","sticky":false,"template":"","format":"standard","meta":{"footnotes":"","_links_to":"","_links_to_target":""},"categories":[1],"tags":[],"class_list":["post-27837","post","type-post","status-publish","format-standard","hentry","category-geral"],"views":1392,"_links":{"self":[{"href":"https:\/\/www.sudoestehoje.com.br\/novoportal\/wp-json\/wp\/v2\/posts\/27837","targetHints":{"allow":["GET"]}}],"collection":[{"href":"https:\/\/www.sudoestehoje.com.br\/novoportal\/wp-json\/wp\/v2\/posts"}],"about":[{"href":"https:\/\/www.sudoestehoje.com.br\/novoportal\/wp-json\/wp\/v2\/types\/post"}],"author":[{"embeddable":true,"href":"https:\/\/www.sudoestehoje.com.br\/novoportal\/wp-json\/wp\/v2\/users\/2"}],"replies":[{"embeddable":true,"href":"https:\/\/www.sudoestehoje.com.br\/novoportal\/wp-json\/wp\/v2\/comments?post=27837"}],"version-history":[{"count":5,"href":"https:\/\/www.sudoestehoje.com.br\/novoportal\/wp-json\/wp\/v2\/posts\/27837\/revisions"}],"predecessor-version":[{"id":27843,"href":"https:\/\/www.sudoestehoje.com.br\/novoportal\/wp-json\/wp\/v2\/posts\/27837\/revisions\/27843"}],"wp:attachment":[{"href":"https:\/\/www.sudoestehoje.com.br\/novoportal\/wp-json\/wp\/v2\/media?parent=27837"}],"wp:term":[{"taxonomy":"category","embeddable":true,"href":"https:\/\/www.sudoestehoje.com.br\/novoportal\/wp-json\/wp\/v2\/categories?post=27837"},{"taxonomy":"post_tag","embeddable":true,"href":"https:\/\/www.sudoestehoje.com.br\/novoportal\/wp-json\/wp\/v2\/tags?post=27837"}],"curies":[{"name":"wp","href":"https:\/\/api.w.org\/{rel}","templated":true}]}}