
{"id":27831,"date":"2013-06-28T13:57:33","date_gmt":"2013-06-28T16:57:33","guid":{"rendered":"http:\/\/www.sudoestehoje.com.br\/novoportal\/?p=27831"},"modified":"2013-06-28T14:22:18","modified_gmt":"2013-06-28T17:22:18","slug":"mulher-quase-morre-eletrocutada-durante-forro-da-vaca-loca","status":"publish","type":"post","link":"https:\/\/www.sudoestehoje.com.br\/novoportal\/2013\/06\/28\/mulher-quase-morre-eletrocutada-durante-forro-da-vaca-loca\/","title":{"rendered":"MULHER QUASE MORRE ELETROCUTADA DURANTE FORR\u00d3 DA VACA L\u00d4CA"},"content":{"rendered":"<p style=\"text-align: center;\"><a href=\"http:\/\/www.sudoestehoje.com.br\/novoportal\/wp-content\/uploads\/2013\/06\/choque1-300x206.jpg\"><img decoding=\"async\" class=\"aligncenter  wp-image-27832\" alt=\"choque1-300x206\" src=\"http:\/\/www.sudoestehoje.com.br\/novoportal\/wp-content\/uploads\/2013\/06\/choque1-300x206.jpg\" width=\"450\" \/><\/a><\/p>\n<p>&nbsp;<\/p>\n<p>ITAPETINGA: Uma les\u00e3o grave no bra\u00e7o direito, arranh\u00f5es na perna e p\u00e9 esquerdo, uma bolha no p\u00e9 direito e uma les\u00e3o na l\u00edngua. Esse \u00e9 o saldo do que seria um dia festivo de S\u00e3o Jo\u00e3o para a dom\u00e9stica Anelene Nascimento Ferreira, de 25 anos, que adquiriu uma camisa do Forr\u00f3 da Vaca L\u00f4ca, no \u00faltimo dia 23 de junho.\u00a0Ela estava no Parque de Exposi\u00e7\u00f5es, mais precisamente, no local onde se realizava a festa, quando precisou ir ao banheiro. L\u00e1, ao tocar em uma estrutura met\u00e1lica, tomou um choque el\u00e9trico. Ficou grudada \u00e0 estrutura, at\u00e9 ser socorrida pelos outros foli\u00f5es.<\/p>\n<p>Na manh\u00e3 desta quinta-feira (27), no Complexo Policial, onde pegou uma guia para realizar exame de les\u00f5es corporais, Anelene disse que desmaiou ap\u00f3s tomar o choque el\u00e9trico.\u00a0\u00a0\u201cEstou impossibilitada de trabalhar porque machuquei seriamente o bra\u00e7o direito. Terei que passar por uma cirurgia\u201d, disse a dom\u00e9stica, que chegou a brincar: \u201cA vaca estava possu\u00edda\u201d, em alus\u00e3o ao nome da festa.\u00a0\u00a0A Pol\u00edcia Civil investiga o caso e dever\u00e1 ouvir nos pr\u00f3ximos dias os organizadores do evento. A dom\u00e9stica registrou, no Complexo Policial, a Ocorr\u00eancia n\u00b0 2938\/2013.<\/p>\n<p>Segundo nota de esclarecimento dos organizadores do evento, parte do camarote cedeu e teve que ser interditado no decorrer da festa. Por esta raz\u00e3o, a apresenta\u00e7\u00e3o da banda &#8216;Filhos de Jorge&#8217; teve que ser transferida para o palco principal. Uma outra apresenta\u00e7\u00e3o prevista para o encerramento, teve que ser cancelada, por &#8220;problemas t\u00e9cnicos&#8221;.<\/p>\n<p>Na avalia\u00e7\u00e3o de alguns foli\u00f5es, entretanto, houve v\u00e1rios problemas na organiza\u00e7\u00e3o da festa, como a demora na arruma\u00e7\u00e3o do \u00fanico palco, causando uma demora excessiva entre as apresenta\u00e7\u00f5es dos shows.<\/p>\n<p><strong><em>Por Davi Ferraz \u00a0<\/em><\/strong><\/p>\n<p><em>Com informa\u00e7\u00f5es do Itapetinga na Midia<\/em><\/p>\n","protected":false},"excerpt":{"rendered":"<p>&nbsp; ITAPETINGA: Uma les\u00e3o grave no bra\u00e7o direito, arranh\u00f5es na perna e p\u00e9 esquerdo, uma bolha no p\u00e9 direito e uma les\u00e3o na l\u00edngua. Esse \u00e9 o saldo do que seria um dia festivo de S\u00e3o Jo\u00e3o para a dom\u00e9stica Anelene Nascimento Ferreira, de 25 anos, que adquiriu uma camisa do Forr\u00f3 da Vaca L\u00f4ca, [&hellip;]<\/p>\n","protected":false},"author":2,"featured_media":0,"comment_status":"open","ping_status":"open","sticky":false,"template":"","format":"standard","meta":{"footnotes":"","_links_to":"","_links_to_target":""},"categories":[1],"tags":[],"class_list":["post-27831","post","type-post","status-publish","format-standard","hentry","category-geral"],"views":1756,"_links":{"self":[{"href":"https:\/\/www.sudoestehoje.com.br\/novoportal\/wp-json\/wp\/v2\/posts\/27831","targetHints":{"allow":["GET"]}}],"collection":[{"href":"https:\/\/www.sudoestehoje.com.br\/novoportal\/wp-json\/wp\/v2\/posts"}],"about":[{"href":"https:\/\/www.sudoestehoje.com.br\/novoportal\/wp-json\/wp\/v2\/types\/post"}],"author":[{"embeddable":true,"href":"https:\/\/www.sudoestehoje.com.br\/novoportal\/wp-json\/wp\/v2\/users\/2"}],"replies":[{"embeddable":true,"href":"https:\/\/www.sudoestehoje.com.br\/novoportal\/wp-json\/wp\/v2\/comments?post=27831"}],"version-history":[{"count":3,"href":"https:\/\/www.sudoestehoje.com.br\/novoportal\/wp-json\/wp\/v2\/posts\/27831\/revisions"}],"predecessor-version":[{"id":27834,"href":"https:\/\/www.sudoestehoje.com.br\/novoportal\/wp-json\/wp\/v2\/posts\/27831\/revisions\/27834"}],"wp:attachment":[{"href":"https:\/\/www.sudoestehoje.com.br\/novoportal\/wp-json\/wp\/v2\/media?parent=27831"}],"wp:term":[{"taxonomy":"category","embeddable":true,"href":"https:\/\/www.sudoestehoje.com.br\/novoportal\/wp-json\/wp\/v2\/categories?post=27831"},{"taxonomy":"post_tag","embeddable":true,"href":"https:\/\/www.sudoestehoje.com.br\/novoportal\/wp-json\/wp\/v2\/tags?post=27831"}],"curies":[{"name":"wp","href":"https:\/\/api.w.org\/{rel}","templated":true}]}}