
{"id":278,"date":"2010-08-24T00:38:14","date_gmt":"2010-08-24T03:38:14","guid":{"rendered":"http:\/\/sudoestehoje.tempsite.ws\/novoportal\/?p=278"},"modified":"2010-09-18T14:18:17","modified_gmt":"2010-09-18T17:18:17","slug":"bassuma-participa-de-sabatina-na-oab","status":"publish","type":"post","link":"https:\/\/www.sudoestehoje.com.br\/novoportal\/2010\/08\/24\/bassuma-participa-de-sabatina-na-oab\/","title":{"rendered":"BASSUMA PARTICIPA DE SABATINA NA OAB"},"content":{"rendered":"<div style=\"text-align: center;\"><img loading=\"lazy\" decoding=\"async\" src=\"http:\/\/www.bahianoticias.com.br\/fotos\/editor\/Image\/bassuma_debate_arruma_gravata_foto_maxhaack-bn.jpg\" border=\"0\" alt=\"\" width=\"350\" height=\"233\" \/><\/div>\n<p>O  candidato verde ao Governo do Estado, Luiz Bassuma (PV), ser\u00e1 mais um  sabatinado pela Ordem dos Advogados do Brasil Se\u00e7\u00e3o Bahia (OAB-BA) nesta  ter\u00e7a-feira (24) na sede do \u00f3rg\u00e3o. O encontro com os juristas ocorrer\u00e1 a  partir das 15h e ter\u00e1 como proposi\u00e7\u00f5es de debate a rela\u00e7\u00e3o do candidato  com o Poder Judici\u00e1rio, Seguran\u00e7a P\u00fablica, meio ambiente, defesa do  consumidor e outros assuntos de relev\u00e2ncia m\u00fatua. Antes de Bassuma,  Paulo Souto(DEM) e Geddel Vieira Lima (PMDB) j\u00e1 participaram dos  encontros. O pr\u00f3ximo sabatinado ser\u00e1 Marcos Mendes (PSol) e, por \u00faltimo,  o governador Jaques Wagner (PT).<\/p>\n","protected":false},"excerpt":{"rendered":"<p>O candidato verde ao Governo do Estado, Luiz Bassuma (PV), ser\u00e1 mais um sabatinado pela Ordem dos Advogados do Brasil Se\u00e7\u00e3o Bahia (OAB-BA) nesta ter\u00e7a-feira (24) na sede do \u00f3rg\u00e3o. O encontro com os juristas ocorrer\u00e1 a partir das 15h e ter\u00e1 como proposi\u00e7\u00f5es de debate a rela\u00e7\u00e3o do candidato com o Poder Judici\u00e1rio, Seguran\u00e7a [&hellip;]<\/p>\n","protected":false},"author":1,"featured_media":0,"comment_status":"open","ping_status":"open","sticky":false,"template":"","format":"standard","meta":{"footnotes":"","_links_to":"","_links_to_target":""},"categories":[1],"tags":[],"class_list":["post-278","post","type-post","status-publish","format-standard","hentry","category-geral"],"views":1232,"_links":{"self":[{"href":"https:\/\/www.sudoestehoje.com.br\/novoportal\/wp-json\/wp\/v2\/posts\/278","targetHints":{"allow":["GET"]}}],"collection":[{"href":"https:\/\/www.sudoestehoje.com.br\/novoportal\/wp-json\/wp\/v2\/posts"}],"about":[{"href":"https:\/\/www.sudoestehoje.com.br\/novoportal\/wp-json\/wp\/v2\/types\/post"}],"author":[{"embeddable":true,"href":"https:\/\/www.sudoestehoje.com.br\/novoportal\/wp-json\/wp\/v2\/users\/1"}],"replies":[{"embeddable":true,"href":"https:\/\/www.sudoestehoje.com.br\/novoportal\/wp-json\/wp\/v2\/comments?post=278"}],"version-history":[{"count":1,"href":"https:\/\/www.sudoestehoje.com.br\/novoportal\/wp-json\/wp\/v2\/posts\/278\/revisions"}],"predecessor-version":[{"id":279,"href":"https:\/\/www.sudoestehoje.com.br\/novoportal\/wp-json\/wp\/v2\/posts\/278\/revisions\/279"}],"wp:attachment":[{"href":"https:\/\/www.sudoestehoje.com.br\/novoportal\/wp-json\/wp\/v2\/media?parent=278"}],"wp:term":[{"taxonomy":"category","embeddable":true,"href":"https:\/\/www.sudoestehoje.com.br\/novoportal\/wp-json\/wp\/v2\/categories?post=278"},{"taxonomy":"post_tag","embeddable":true,"href":"https:\/\/www.sudoestehoje.com.br\/novoportal\/wp-json\/wp\/v2\/tags?post=278"}],"curies":[{"name":"wp","href":"https:\/\/api.w.org\/{rel}","templated":true}]}}