
{"id":2775,"date":"2010-12-27T12:19:19","date_gmt":"2010-12-27T15:19:19","guid":{"rendered":"http:\/\/www.sudoestehoje.com.br\/novoportal\/?p=2775"},"modified":"2010-12-27T12:19:19","modified_gmt":"2010-12-27T15:19:19","slug":"dilma-sera-minha-candidata-em-2014-diz-lula","status":"publish","type":"post","link":"https:\/\/www.sudoestehoje.com.br\/novoportal\/2010\/12\/27\/dilma-sera-minha-candidata-em-2014-diz-lula\/","title":{"rendered":"&#8220;DILMA SER\u00c1 MINHA CANDIDATA EM 2014&#8221;, DIZ LULA"},"content":{"rendered":"<p style=\"text-align: center;\"><a href=\"http:\/\/www.politicalivre.com.br\/wp-content\/uploads\/2010\/11\/dilma-e-lula-300.jpg\"><img loading=\"lazy\" decoding=\"async\" class=\"aligncenter\" title=\"dilma-e-lula-300\" src=\"http:\/\/www.politicalivre.com.br\/wp-content\/uploads\/2010\/11\/dilma-e-lula-300.jpg\" alt=\"\" width=\"300\" height=\"225\" \/><\/a> Dilma e Lula<\/p>\n<p>\u00a0<\/p>\n<p>O presidente Luiz In\u00e1cio Lula da Silva disse nesta segunda-feira, durante caf\u00e9 da manh\u00e3 com jornalistas, que trabalha com a \u2018ideia fixa\u2019 de que a presidente eleita, Dilma Rousseff, seja candidata \u00e0 reelei\u00e7\u00e3o em 2014. Segundo ele, Dilma s\u00f3 n\u00e3o disputar\u00e1 o cargo pelo PT nas pr\u00f3ximas elei\u00e7\u00f5es se ela n\u00e3o quiser. \u201cA Dilma ser\u00e1 minha candidata em 2014. Acho justo e leg\u00edtimo que quem est\u00e1 no exerc\u00edcio do mandato possa tentar a reelei\u00e7\u00e3o\u201d, disse. (G1)<\/p>\n","protected":false},"excerpt":{"rendered":"<p>Dilma e Lula \u00a0 O presidente Luiz In\u00e1cio Lula da Silva disse nesta segunda-feira, durante caf\u00e9 da manh\u00e3 com jornalistas, que trabalha com a \u2018ideia fixa\u2019 de que a presidente eleita, Dilma Rousseff, seja candidata \u00e0 reelei\u00e7\u00e3o em 2014. Segundo ele, Dilma s\u00f3 n\u00e3o disputar\u00e1 o cargo pelo PT nas pr\u00f3ximas elei\u00e7\u00f5es se ela n\u00e3o [&hellip;]<\/p>\n","protected":false},"author":2,"featured_media":0,"comment_status":"open","ping_status":"open","sticky":false,"template":"","format":"standard","meta":{"footnotes":"","_links_to":"","_links_to_target":""},"categories":[1],"tags":[],"class_list":["post-2775","post","type-post","status-publish","format-standard","hentry","category-geral"],"views":1281,"_links":{"self":[{"href":"https:\/\/www.sudoestehoje.com.br\/novoportal\/wp-json\/wp\/v2\/posts\/2775","targetHints":{"allow":["GET"]}}],"collection":[{"href":"https:\/\/www.sudoestehoje.com.br\/novoportal\/wp-json\/wp\/v2\/posts"}],"about":[{"href":"https:\/\/www.sudoestehoje.com.br\/novoportal\/wp-json\/wp\/v2\/types\/post"}],"author":[{"embeddable":true,"href":"https:\/\/www.sudoestehoje.com.br\/novoportal\/wp-json\/wp\/v2\/users\/2"}],"replies":[{"embeddable":true,"href":"https:\/\/www.sudoestehoje.com.br\/novoportal\/wp-json\/wp\/v2\/comments?post=2775"}],"version-history":[{"count":2,"href":"https:\/\/www.sudoestehoje.com.br\/novoportal\/wp-json\/wp\/v2\/posts\/2775\/revisions"}],"predecessor-version":[{"id":2777,"href":"https:\/\/www.sudoestehoje.com.br\/novoportal\/wp-json\/wp\/v2\/posts\/2775\/revisions\/2777"}],"wp:attachment":[{"href":"https:\/\/www.sudoestehoje.com.br\/novoportal\/wp-json\/wp\/v2\/media?parent=2775"}],"wp:term":[{"taxonomy":"category","embeddable":true,"href":"https:\/\/www.sudoestehoje.com.br\/novoportal\/wp-json\/wp\/v2\/categories?post=2775"},{"taxonomy":"post_tag","embeddable":true,"href":"https:\/\/www.sudoestehoje.com.br\/novoportal\/wp-json\/wp\/v2\/tags?post=2775"}],"curies":[{"name":"wp","href":"https:\/\/api.w.org\/{rel}","templated":true}]}}