
{"id":27734,"date":"2013-06-26T22:53:37","date_gmt":"2013-06-27T01:53:37","guid":{"rendered":"http:\/\/www.sudoestehoje.com.br\/novoportal\/?p=27734"},"modified":"2013-06-26T23:03:51","modified_gmt":"2013-06-27T02:03:51","slug":"macarani-tre-cassa-prefeito-carlinhos-e-presidente-da-camara-deve-assumir","status":"publish","type":"post","link":"https:\/\/www.sudoestehoje.com.br\/novoportal\/2013\/06\/26\/macarani-tre-cassa-prefeito-carlinhos-e-presidente-da-camara-deve-assumir\/","title":{"rendered":"MACARANI: TRE CASSA PREFEITO CARLINHOS E PRESIDENTE DA C\u00c2MARA DEVE ASSUMIR"},"content":{"rendered":"<div><a href=\"http:\/\/www.sudoestehoje.com.br\/novoportal\/wp-content\/uploads\/2013\/06\/CARLINHOS.jpg\"><img loading=\"lazy\" decoding=\"async\" class=\"aligncenter size-full wp-image-27737\" alt=\"CARLINHOS\" src=\"http:\/\/www.sudoestehoje.com.br\/novoportal\/wp-content\/uploads\/2013\/06\/CARLINHOS.jpg\" width=\"400\" height=\"370\" \/><\/a><\/div>\n<div><\/div>\n<div><\/div>\n<div><strong><em>Davi Ferraz<\/em><\/strong><\/div>\n<div><\/div>\n<div>MACARANI: Em sess\u00e3o plen\u00e1ria realizada na manh\u00e3 desta quarta-feira \u00a0(26) no TRE, foram cassados os diplomas do prefeito do munic\u00edpio de Macarani e sua vice Elza, sob a acusa\u00e7\u00e3o de capta\u00e7\u00e3o il\u00edcita de sufr\u00e1gio e abuso do poder econ\u00f4mico.\u00a0Ant\u00f4nio Carlos Macedo Araujo (Carlinhos) teve decretada sua ilegibilidade pelo prazo de oito anos por decis\u00e3o da Corte, mas ainda cabe recurso da decis\u00e3o no TSE, o que ser\u00e1 providenciado pela assessoria jur\u00eddica de Carlinhos, no prazo legal. A decis\u00e3o do TRE deixa o munic\u00edpio de Macarani sem prefeito, j\u00e1 que o segundo colocado na \u00faltima elei\u00e7\u00e3o, Dr. Paulo Lacerda e seu vice Franklin Nogueira, tamb\u00e9m foram considerados ineleg\u00edveis pelo TSE, devendo o atual presidente da C\u00e2mara de Vereadores, que \u00e9 ligado ao prefeito cassado, assumir interinamente o cargo, at\u00e9 posterior delibera\u00e7\u00e3o da Justi\u00e7a Eleitoral.<\/div>\n<div><\/div>\n<div><\/div>\n","protected":false},"excerpt":{"rendered":"<p>Davi Ferraz MACARANI: Em sess\u00e3o plen\u00e1ria realizada na manh\u00e3 desta quarta-feira \u00a0(26) no TRE, foram cassados os diplomas do prefeito do munic\u00edpio de Macarani e sua vice Elza, sob a acusa\u00e7\u00e3o de capta\u00e7\u00e3o il\u00edcita de sufr\u00e1gio e abuso do poder econ\u00f4mico.\u00a0Ant\u00f4nio Carlos Macedo Araujo (Carlinhos) teve decretada sua ilegibilidade pelo prazo de oito anos por [&hellip;]<\/p>\n","protected":false},"author":2,"featured_media":0,"comment_status":"open","ping_status":"open","sticky":false,"template":"","format":"standard","meta":{"footnotes":"","_links_to":"","_links_to_target":""},"categories":[1],"tags":[],"class_list":["post-27734","post","type-post","status-publish","format-standard","hentry","category-geral"],"views":1524,"_links":{"self":[{"href":"https:\/\/www.sudoestehoje.com.br\/novoportal\/wp-json\/wp\/v2\/posts\/27734","targetHints":{"allow":["GET"]}}],"collection":[{"href":"https:\/\/www.sudoestehoje.com.br\/novoportal\/wp-json\/wp\/v2\/posts"}],"about":[{"href":"https:\/\/www.sudoestehoje.com.br\/novoportal\/wp-json\/wp\/v2\/types\/post"}],"author":[{"embeddable":true,"href":"https:\/\/www.sudoestehoje.com.br\/novoportal\/wp-json\/wp\/v2\/users\/2"}],"replies":[{"embeddable":true,"href":"https:\/\/www.sudoestehoje.com.br\/novoportal\/wp-json\/wp\/v2\/comments?post=27734"}],"version-history":[{"count":11,"href":"https:\/\/www.sudoestehoje.com.br\/novoportal\/wp-json\/wp\/v2\/posts\/27734\/revisions"}],"predecessor-version":[{"id":27757,"href":"https:\/\/www.sudoestehoje.com.br\/novoportal\/wp-json\/wp\/v2\/posts\/27734\/revisions\/27757"}],"wp:attachment":[{"href":"https:\/\/www.sudoestehoje.com.br\/novoportal\/wp-json\/wp\/v2\/media?parent=27734"}],"wp:term":[{"taxonomy":"category","embeddable":true,"href":"https:\/\/www.sudoestehoje.com.br\/novoportal\/wp-json\/wp\/v2\/categories?post=27734"},{"taxonomy":"post_tag","embeddable":true,"href":"https:\/\/www.sudoestehoje.com.br\/novoportal\/wp-json\/wp\/v2\/tags?post=27734"}],"curies":[{"name":"wp","href":"https:\/\/api.w.org\/{rel}","templated":true}]}}