
{"id":27727,"date":"2013-06-26T18:14:04","date_gmt":"2013-06-26T21:14:04","guid":{"rendered":"http:\/\/www.sudoestehoje.com.br\/novoportal\/?p=27727"},"modified":"2013-06-26T18:14:04","modified_gmt":"2013-06-26T21:14:04","slug":"joao-de-deus-defende-recursos-da-copa-para-saude-e-educacao","status":"publish","type":"post","link":"https:\/\/www.sudoestehoje.com.br\/novoportal\/2013\/06\/26\/joao-de-deus-defende-recursos-da-copa-para-saude-e-educacao\/","title":{"rendered":"JO\u00c3O DE DEUS DEFENDE RECURSOS DA COPA PARA SA\u00daDE E EDUCA\u00c7\u00c3O"},"content":{"rendered":"<p><a href=\"http:\/\/www.sudoestehoje.com.br\/novoportal\/wp-content\/uploads\/2013\/06\/DSCF1437.jpg\"><img decoding=\"async\" class=\" wp-image-27728 alignleft\" alt=\"DSCF1437\" src=\"http:\/\/www.sudoestehoje.com.br\/novoportal\/wp-content\/uploads\/2013\/06\/DSCF1437.jpg\" width=\"200\" \/><\/a><\/p>\n<p>&nbsp;<\/p>\n<p>ITAPETINGA: O Brasil vive um momento hist\u00f3rico com grandes manifesta\u00e7\u00f5es que protestam contra aumentos nas passagens de \u00f4nibus, corrup\u00e7\u00e3o e gastos com a Copa do Mundo. Nessa quarta-feira (19), as manifesta\u00e7\u00f5es chegaram a Itapetinga e, \u00e9 claro, contaram com pautas relacionadas aos principais desafios da cidade. Esses assuntos foram comentados pelos vereadores durante a sess\u00e3o dessa quinta-feira (20). Na oportunidade, eles elogiaram o civismo da popula\u00e7\u00e3o brasileira e manifestaram suas opini\u00f5es sobre as reivindica\u00e7\u00f5es.<\/p>\n<p>O vereador <b>Jo\u00e3o de Deus (PMDB)<\/b> concordou que os investimentos na prepara\u00e7\u00e3o da Copa do Mundo no Brasil poderiam ser direcionados para outras prioridades, como sa\u00fade e educa\u00e7\u00e3o. \u201cExistem cidades que carecem de infraestrutura, postos m\u00e9dicos, contrata\u00e7\u00e3o de profissionais\u201d, apontou. Ele tamb\u00e9m revelou que repudia a Proposta de Emenda \u00e0 Constitui\u00e7\u00e3o (PEC) 37, que limita o poder de investiga\u00e7\u00e3o do Minist\u00e9rio P\u00fablico. \u201cN\u00f3s, pol\u00edticos, precisamos fazer uma an\u00e1lise profunda dessas manifesta\u00e7\u00f5es que est\u00e3o ocorrendo\u201d, avaliou.<\/p>\n","protected":false},"excerpt":{"rendered":"<p>&nbsp; ITAPETINGA: O Brasil vive um momento hist\u00f3rico com grandes manifesta\u00e7\u00f5es que protestam contra aumentos nas passagens de \u00f4nibus, corrup\u00e7\u00e3o e gastos com a Copa do Mundo. Nessa quarta-feira (19), as manifesta\u00e7\u00f5es chegaram a Itapetinga e, \u00e9 claro, contaram com pautas relacionadas aos principais desafios da cidade. Esses assuntos foram comentados pelos vereadores durante a [&hellip;]<\/p>\n","protected":false},"author":2,"featured_media":0,"comment_status":"open","ping_status":"open","sticky":false,"template":"","format":"standard","meta":{"footnotes":"","_links_to":"","_links_to_target":""},"categories":[1],"tags":[],"class_list":["post-27727","post","type-post","status-publish","format-standard","hentry","category-geral"],"views":1280,"_links":{"self":[{"href":"https:\/\/www.sudoestehoje.com.br\/novoportal\/wp-json\/wp\/v2\/posts\/27727","targetHints":{"allow":["GET"]}}],"collection":[{"href":"https:\/\/www.sudoestehoje.com.br\/novoportal\/wp-json\/wp\/v2\/posts"}],"about":[{"href":"https:\/\/www.sudoestehoje.com.br\/novoportal\/wp-json\/wp\/v2\/types\/post"}],"author":[{"embeddable":true,"href":"https:\/\/www.sudoestehoje.com.br\/novoportal\/wp-json\/wp\/v2\/users\/2"}],"replies":[{"embeddable":true,"href":"https:\/\/www.sudoestehoje.com.br\/novoportal\/wp-json\/wp\/v2\/comments?post=27727"}],"version-history":[{"count":4,"href":"https:\/\/www.sudoestehoje.com.br\/novoportal\/wp-json\/wp\/v2\/posts\/27727\/revisions"}],"predecessor-version":[{"id":27732,"href":"https:\/\/www.sudoestehoje.com.br\/novoportal\/wp-json\/wp\/v2\/posts\/27727\/revisions\/27732"}],"wp:attachment":[{"href":"https:\/\/www.sudoestehoje.com.br\/novoportal\/wp-json\/wp\/v2\/media?parent=27727"}],"wp:term":[{"taxonomy":"category","embeddable":true,"href":"https:\/\/www.sudoestehoje.com.br\/novoportal\/wp-json\/wp\/v2\/categories?post=27727"},{"taxonomy":"post_tag","embeddable":true,"href":"https:\/\/www.sudoestehoje.com.br\/novoportal\/wp-json\/wp\/v2\/tags?post=27727"}],"curies":[{"name":"wp","href":"https:\/\/api.w.org\/{rel}","templated":true}]}}