
{"id":27722,"date":"2013-06-26T18:07:00","date_gmt":"2013-06-26T21:07:00","guid":{"rendered":"http:\/\/www.sudoestehoje.com.br\/novoportal\/?p=27722"},"modified":"2013-06-26T18:07:00","modified_gmt":"2013-06-26T21:07:00","slug":"vereador-alfredo-lamenta-veto-do-prefeito-no-projeto-ficha-limpa","status":"publish","type":"post","link":"https:\/\/www.sudoestehoje.com.br\/novoportal\/2013\/06\/26\/vereador-alfredo-lamenta-veto-do-prefeito-no-projeto-ficha-limpa\/","title":{"rendered":"VEREADOR ALFREDO LAMENTA VETO DO PREFEITO NO PROJETO FICHA LIMPA"},"content":{"rendered":"<p><a href=\"http:\/\/www.sudoestehoje.com.br\/novoportal\/wp-content\/uploads\/2013\/06\/DSCF1442.jpg\"><img decoding=\"async\" class=\" wp-image-27723 alignleft\" alt=\"DSCF1442\" src=\"http:\/\/www.sudoestehoje.com.br\/novoportal\/wp-content\/uploads\/2013\/06\/DSCF1442.jpg\" width=\"200\" \/><\/a><\/p>\n<p>&nbsp;<\/p>\n<p>ITAPETINGA:\u00a0Em seu discurso na sess\u00e3o da \u00faltima quinta-feira (20), o vereador Alfredo Cabral (PSD) lamentou o veto do Projeto de Lei N\u00ba 006\/13, de sua autoria, que torna obrigat\u00f3ria a utiliza\u00e7\u00e3o da lei da Ficha Limpa para nomea\u00e7\u00e3o de agentes pol\u00edticos e servidores p\u00fablicos no munic\u00edpio.<\/p>\n<p>Apesar de aprovado pela C\u00e2mara Municipal de Itapetinga, por unanimidade, no dia 06 deste m\u00eas, o projeto n\u00e3o recebeu a san\u00e7\u00e3o do prefeito Jos\u00e9 Carlos Moura. No dia 18 de junho, ele sancionou sete leis aprovadas pela C\u00e2mara.<\/p>\n<p>\u201cN\u00f3s temos conhecimento de que, na gest\u00e3o anterior, at\u00e9 emendas do vereador Alfredo n\u00e3o eram para ser acatadas. Assim prevaleceu. Eu simplesmente deixei de fazer as emendas, mas passei a utilizar a Tribuna para apresentar meu ponto de vista\u201d, contou o vereador.<\/p>\n<p>Na oportunidade, Alfredo informou que j\u00e1 apresentou um novo projeto, o Projeto de Lei 016\/2013, que torna obrigat\u00f3ria a identifica\u00e7\u00e3o de ve\u00edculos pr\u00f3prios ou locados pelos \u00f3rg\u00e3os da Administra\u00e7\u00e3o P\u00fablica Municipal de Itapetinga. \u201cEspero que n\u00e3o encontrem mais nenhuma inconstitucionalidade para vetarem o projeto\u201d, afirmou Alfredo.<\/p>\n","protected":false},"excerpt":{"rendered":"<p>&nbsp; ITAPETINGA:\u00a0Em seu discurso na sess\u00e3o da \u00faltima quinta-feira (20), o vereador Alfredo Cabral (PSD) lamentou o veto do Projeto de Lei N\u00ba 006\/13, de sua autoria, que torna obrigat\u00f3ria a utiliza\u00e7\u00e3o da lei da Ficha Limpa para nomea\u00e7\u00e3o de agentes pol\u00edticos e servidores p\u00fablicos no munic\u00edpio. Apesar de aprovado pela C\u00e2mara Municipal de Itapetinga, [&hellip;]<\/p>\n","protected":false},"author":2,"featured_media":0,"comment_status":"closed","ping_status":"closed","sticky":false,"template":"","format":"standard","meta":{"footnotes":"","_links_to":"","_links_to_target":""},"categories":[1],"tags":[],"class_list":["post-27722","post","type-post","status-publish","format-standard","hentry","category-geral"],"views":1065,"_links":{"self":[{"href":"https:\/\/www.sudoestehoje.com.br\/novoportal\/wp-json\/wp\/v2\/posts\/27722","targetHints":{"allow":["GET"]}}],"collection":[{"href":"https:\/\/www.sudoestehoje.com.br\/novoportal\/wp-json\/wp\/v2\/posts"}],"about":[{"href":"https:\/\/www.sudoestehoje.com.br\/novoportal\/wp-json\/wp\/v2\/types\/post"}],"author":[{"embeddable":true,"href":"https:\/\/www.sudoestehoje.com.br\/novoportal\/wp-json\/wp\/v2\/users\/2"}],"replies":[{"embeddable":true,"href":"https:\/\/www.sudoestehoje.com.br\/novoportal\/wp-json\/wp\/v2\/comments?post=27722"}],"version-history":[{"count":3,"href":"https:\/\/www.sudoestehoje.com.br\/novoportal\/wp-json\/wp\/v2\/posts\/27722\/revisions"}],"predecessor-version":[{"id":27726,"href":"https:\/\/www.sudoestehoje.com.br\/novoportal\/wp-json\/wp\/v2\/posts\/27722\/revisions\/27726"}],"wp:attachment":[{"href":"https:\/\/www.sudoestehoje.com.br\/novoportal\/wp-json\/wp\/v2\/media?parent=27722"}],"wp:term":[{"taxonomy":"category","embeddable":true,"href":"https:\/\/www.sudoestehoje.com.br\/novoportal\/wp-json\/wp\/v2\/categories?post=27722"},{"taxonomy":"post_tag","embeddable":true,"href":"https:\/\/www.sudoestehoje.com.br\/novoportal\/wp-json\/wp\/v2\/tags?post=27722"}],"curies":[{"name":"wp","href":"https:\/\/api.w.org\/{rel}","templated":true}]}}