
{"id":27719,"date":"2013-06-26T11:51:33","date_gmt":"2013-06-26T14:51:33","guid":{"rendered":"http:\/\/www.sudoestehoje.com.br\/novoportal\/?p=27719"},"modified":"2013-06-27T01:12:25","modified_gmt":"2013-06-27T04:12:25","slug":"dom-fontinelli-e-homenageado-no-sao-joao-de-itapetinga","status":"publish","type":"post","link":"https:\/\/www.sudoestehoje.com.br\/novoportal\/2013\/06\/26\/dom-fontinelli-e-homenageado-no-sao-joao-de-itapetinga\/","title":{"rendered":"DOM FONTINELLI \u00c9 HOMENAGEADO NO S\u00c3O JO\u00c3O DE ITAPETINGA"},"content":{"rendered":"<p><img decoding=\"async\" class=\"aligncenter\" alt=\"\" src=\"http:\/\/www.g4tv.com.br\/wp-content\/uploads\/2013\/06\/caviar-c-rapadura.jpg\" width=\"450\" \/><\/p>\n<p>&nbsp;<\/p>\n<p><strong><em>G4TV<\/em><\/strong><\/p>\n<p>O S\u00e3o Jo\u00e3o de Itapetinga, \u201cDo Tradicional ao Moderno\u201d, realizado pela Prefeitura de Itapetinga, atrav\u00e9s do Departamento de Cultura, de\u00a0 21 a 23 de junho, no Parque Poliesportivo da Lagoa, contou grande participa\u00e7\u00e3o popular muito arrasta p\u00e9 e alegria. A festa foi marcada pela homenagem ao artista, cantor e compositor Dom Fontinelli, que viveu grande parte de sua vida em Itapetinga e participou de v\u00e1rias edi\u00e7\u00f5es do S\u00e3o Jo\u00e3o na cidade, e que veio a fa. Ele foi homenageado por todos os artistas da cidade, que se apresentaram no palco que levou o seu nome.<\/p>\n","protected":false},"excerpt":{"rendered":"<p>&nbsp; G4TV O S\u00e3o Jo\u00e3o de Itapetinga, \u201cDo Tradicional ao Moderno\u201d, realizado pela Prefeitura de Itapetinga, atrav\u00e9s do Departamento de Cultura, de\u00a0 21 a 23 de junho, no Parque Poliesportivo da Lagoa, contou grande participa\u00e7\u00e3o popular muito arrasta p\u00e9 e alegria. A festa foi marcada pela homenagem ao artista, cantor e compositor Dom Fontinelli, que [&hellip;]<\/p>\n","protected":false},"author":2,"featured_media":0,"comment_status":"open","ping_status":"open","sticky":false,"template":"","format":"standard","meta":{"footnotes":"","_links_to":"","_links_to_target":""},"categories":[1],"tags":[],"class_list":["post-27719","post","type-post","status-publish","format-standard","hentry","category-geral"],"views":1787,"_links":{"self":[{"href":"https:\/\/www.sudoestehoje.com.br\/novoportal\/wp-json\/wp\/v2\/posts\/27719","targetHints":{"allow":["GET"]}}],"collection":[{"href":"https:\/\/www.sudoestehoje.com.br\/novoportal\/wp-json\/wp\/v2\/posts"}],"about":[{"href":"https:\/\/www.sudoestehoje.com.br\/novoportal\/wp-json\/wp\/v2\/types\/post"}],"author":[{"embeddable":true,"href":"https:\/\/www.sudoestehoje.com.br\/novoportal\/wp-json\/wp\/v2\/users\/2"}],"replies":[{"embeddable":true,"href":"https:\/\/www.sudoestehoje.com.br\/novoportal\/wp-json\/wp\/v2\/comments?post=27719"}],"version-history":[{"count":3,"href":"https:\/\/www.sudoestehoje.com.br\/novoportal\/wp-json\/wp\/v2\/posts\/27719\/revisions"}],"predecessor-version":[{"id":27721,"href":"https:\/\/www.sudoestehoje.com.br\/novoportal\/wp-json\/wp\/v2\/posts\/27719\/revisions\/27721"}],"wp:attachment":[{"href":"https:\/\/www.sudoestehoje.com.br\/novoportal\/wp-json\/wp\/v2\/media?parent=27719"}],"wp:term":[{"taxonomy":"category","embeddable":true,"href":"https:\/\/www.sudoestehoje.com.br\/novoportal\/wp-json\/wp\/v2\/categories?post=27719"},{"taxonomy":"post_tag","embeddable":true,"href":"https:\/\/www.sudoestehoje.com.br\/novoportal\/wp-json\/wp\/v2\/tags?post=27719"}],"curies":[{"name":"wp","href":"https:\/\/api.w.org\/{rel}","templated":true}]}}