
{"id":2770,"date":"2010-12-27T11:32:31","date_gmt":"2010-12-27T14:32:31","guid":{"rendered":"http:\/\/www.sudoestehoje.com.br\/novoportal\/?p=2770"},"modified":"2010-12-27T11:32:31","modified_gmt":"2010-12-27T14:32:31","slug":"apresentador-datena-e-condenado-por-homofobia","status":"publish","type":"post","link":"https:\/\/www.sudoestehoje.com.br\/novoportal\/2010\/12\/27\/apresentador-datena-e-condenado-por-homofobia\/","title":{"rendered":"APRESENTADOR DATENA \u00c9 CONDENADO POR HOMOFOBIA"},"content":{"rendered":"<div>\n<p style=\"text-align: center;\"><span style=\"font-family: Arial;\"><img decoding=\"async\" class=\"aligncenter\" src=\"http:\/\/www.bahianoticias.com.br\/fotos\/editor\/Image\/holofote\/apresentadores\/Datena.jpg\" alt=\"\" \/><\/span><\/p>\n<p style=\"text-align: center;\">\u00a0<strong>Datena teria chamado um travesti de &#8220;travec\u00e3o butinudo do caramba&#8221;<\/strong><\/p>\n<p>\u00a0<\/p>\n<p>O apresentador Jos\u00e9 Luiz Datena, que atualmente comanda o programa Brasil Urgente na Band, foi condenado a uma advert\u00eancia pela Secretaria da Justi\u00e7a de S\u00e3o Paulo no processo administrativo que a Defensoria P\u00fablica move contra ele por &#8220;discrimina\u00e7\u00e3o homof\u00f3bica&#8221;.<\/p>\n<p>De acordo com a colunista M\u00f4nica Bergamo, do jornal Folha de S.Paulo, o apresentador foi denunciado por reportagem no Brasil Urgente em que, ao narrar uma briga envolvendo travesti, ele usou express\u00f5es como &#8220;travec\u00e3o butinudo do caramba&#8221;. A defensoria pedia que ele fosse multado em at\u00e9 R$ 246 mil. Datena vai recorrer.\u00a0<\/p>\n<p>O apresentador garantiu que n\u00e3o houve discrimina\u00e7\u00e3o. Disse que comentou apenas da agress\u00e3o, pois o travesti teria empurrado o cinegrafista do programa, e n\u00e3o sobre a op\u00e7\u00e3o sexual da pessoa. Datena afirmou que \u00e9 contra a qualquer tipo de preconceito. Vale lembrar que recentemente Datena foi condenado a se retratar por agress\u00e3o verbal aos ateus.<\/p>\n<\/div>\n","protected":false},"excerpt":{"rendered":"<p>\u00a0Datena teria chamado um travesti de &#8220;travec\u00e3o butinudo do caramba&#8221; \u00a0 O apresentador Jos\u00e9 Luiz Datena, que atualmente comanda o programa Brasil Urgente na Band, foi condenado a uma advert\u00eancia pela Secretaria da Justi\u00e7a de S\u00e3o Paulo no processo administrativo que a Defensoria P\u00fablica move contra ele por &#8220;discrimina\u00e7\u00e3o homof\u00f3bica&#8221;. De acordo com a colunista [&hellip;]<\/p>\n","protected":false},"author":2,"featured_media":0,"comment_status":"open","ping_status":"open","sticky":false,"template":"","format":"standard","meta":{"footnotes":"","_links_to":"","_links_to_target":""},"categories":[1],"tags":[],"class_list":["post-2770","post","type-post","status-publish","format-standard","hentry","category-geral"],"views":1180,"_links":{"self":[{"href":"https:\/\/www.sudoestehoje.com.br\/novoportal\/wp-json\/wp\/v2\/posts\/2770","targetHints":{"allow":["GET"]}}],"collection":[{"href":"https:\/\/www.sudoestehoje.com.br\/novoportal\/wp-json\/wp\/v2\/posts"}],"about":[{"href":"https:\/\/www.sudoestehoje.com.br\/novoportal\/wp-json\/wp\/v2\/types\/post"}],"author":[{"embeddable":true,"href":"https:\/\/www.sudoestehoje.com.br\/novoportal\/wp-json\/wp\/v2\/users\/2"}],"replies":[{"embeddable":true,"href":"https:\/\/www.sudoestehoje.com.br\/novoportal\/wp-json\/wp\/v2\/comments?post=2770"}],"version-history":[{"count":4,"href":"https:\/\/www.sudoestehoje.com.br\/novoportal\/wp-json\/wp\/v2\/posts\/2770\/revisions"}],"predecessor-version":[{"id":2774,"href":"https:\/\/www.sudoestehoje.com.br\/novoportal\/wp-json\/wp\/v2\/posts\/2770\/revisions\/2774"}],"wp:attachment":[{"href":"https:\/\/www.sudoestehoje.com.br\/novoportal\/wp-json\/wp\/v2\/media?parent=2770"}],"wp:term":[{"taxonomy":"category","embeddable":true,"href":"https:\/\/www.sudoestehoje.com.br\/novoportal\/wp-json\/wp\/v2\/categories?post=2770"},{"taxonomy":"post_tag","embeddable":true,"href":"https:\/\/www.sudoestehoje.com.br\/novoportal\/wp-json\/wp\/v2\/tags?post=2770"}],"curies":[{"name":"wp","href":"https:\/\/api.w.org\/{rel}","templated":true}]}}