
{"id":2764,"date":"2011-01-04T00:30:49","date_gmt":"2011-01-04T03:30:49","guid":{"rendered":"http:\/\/www.sudoestehoje.com.br\/novoportal\/?p=2764"},"modified":"2011-01-04T09:19:54","modified_gmt":"2011-01-04T12:19:54","slug":"gestao-ze-carlos-engodo-politico-e-administrativo","status":"publish","type":"post","link":"https:\/\/www.sudoestehoje.com.br\/novoportal\/2011\/01\/04\/gestao-ze-carlos-engodo-politico-e-administrativo\/","title":{"rendered":"DA BOCA PR\u00c1 FORA&#8230;"},"content":{"rendered":"<div style=\"text-align: center;\">\n<div><a href=\"http:\/\/3.bp.blogspot.com\/_vBEVDLY91Ww\/TCvI1ZaIcJI\/AAAAAAAACyc\/y0LTvdwEYkM\/s1600\/jos%C3%A9+carlos+moura+enterro.JPG\"><img decoding=\"async\" src=\"http:\/\/3.bp.blogspot.com\/_vBEVDLY91Ww\/TCvI1ZaIcJI\/AAAAAAAACyc\/y0LTvdwEYkM\/s320\/jos%C3%A9+carlos+moura+enterro.JPG\" border=\"0\" alt=\"\" \/><\/a><\/div>\n<\/div>\n<p style=\"text-align: center;\"><strong>Qual seria a concep\u00e7\u00e3o de &#8216;mudan\u00e7a&#8217; do prefeito Z\u00e9 Carlos?<\/strong><\/p>\n<p>\u00a0<\/p>\n<p>ITAPETINGA: N\u00e3o d\u00e1 para saber direito o que o atual prefeito de Itapetinga queria dizer quando afirmava, durante a sua campanha eleitoral, que o forte do seu governo seriam as &#8216;mudan\u00e7as&#8217; que iria realizar, caso fosse eleito. Passados 2 anos e a julgar pelo rumo que a administra\u00e7\u00e3o tomou, \u00e9 poss\u00edvel afirmar, sem medo de incorrer num equ\u00edvoco, que Jos\u00e9 Carlos Moura n\u00e3o tinha a menor id\u00e9ia do que declarava em seus discursos e\u00a0apenas repetia, da boca pra fora, algo que lhe orientaram a falar.<\/p>\n<p>Soubesse o povo antecipadamente que a coisa era falsa e encenada, talvez tivesse sido poss\u00edvel evitar a cat\u00e1strofe pol\u00edtica e administrativa que ora Itapetinga vive. Z\u00e9 Carlos se mostra um prefeito ausente, omisso, um l\u00edder que n\u00e3o tem voz ativa e\u00a0age como subalterno, delegando a parentes e assessores mal intencionados todo o poder que o povo lhe confiou, com larga margem de votos.<\/p>\n<p>Enquanto o <em>bon vivant<\/em>\u00a0brinca de administrar, seu governo vai necrosando e n\u00e3o se sabe aonde isso tudo vai parar. Pior \u00e9 que \u00e0 inc\u00faria administrativa se associam den\u00fancias de corrup\u00e7\u00e3o e bandalheira pol\u00edtica. Parafraseando o ex-presidente Lula, poder\u00edamos afirmar que &#8216;nunca antes na hist\u00f3ria de Itapetinga&#8217; um governo municipal foi t\u00e3o incompetente, incapaz e negligente com a coisa p\u00fablica,\u00a0como nestes \u00faltimos dois anos.<\/p>\n<p>Por ironia, a administra\u00e7\u00e3o necessita, mais do que nunca, de profundas mudan\u00e7as, por\u00e9m internas,\u00a0mas como implement\u00e1-las sem contrariar os &#8216;leg\u00edtimos&#8217; interesses de\u00a0parentes e amigos?\u00a0<\/p>\n<p>Davi Ferraz &#8211;\u00a0Editor<\/p>\n","protected":false},"excerpt":{"rendered":"<p>Qual seria a concep\u00e7\u00e3o de &#8216;mudan\u00e7a&#8217; do prefeito Z\u00e9 Carlos? \u00a0 ITAPETINGA: N\u00e3o d\u00e1 para saber direito o que o atual prefeito de Itapetinga queria dizer quando afirmava, durante a sua campanha eleitoral, que o forte do seu governo seriam as &#8216;mudan\u00e7as&#8217; que iria realizar, caso fosse eleito. Passados 2 anos e a julgar pelo [&hellip;]<\/p>\n","protected":false},"author":2,"featured_media":0,"comment_status":"open","ping_status":"open","sticky":false,"template":"","format":"standard","meta":{"footnotes":"","_links_to":"","_links_to_target":""},"categories":[1],"tags":[],"class_list":["post-2764","post","type-post","status-publish","format-standard","hentry","category-geral"],"views":1340,"_links":{"self":[{"href":"https:\/\/www.sudoestehoje.com.br\/novoportal\/wp-json\/wp\/v2\/posts\/2764","targetHints":{"allow":["GET"]}}],"collection":[{"href":"https:\/\/www.sudoestehoje.com.br\/novoportal\/wp-json\/wp\/v2\/posts"}],"about":[{"href":"https:\/\/www.sudoestehoje.com.br\/novoportal\/wp-json\/wp\/v2\/types\/post"}],"author":[{"embeddable":true,"href":"https:\/\/www.sudoestehoje.com.br\/novoportal\/wp-json\/wp\/v2\/users\/2"}],"replies":[{"embeddable":true,"href":"https:\/\/www.sudoestehoje.com.br\/novoportal\/wp-json\/wp\/v2\/comments?post=2764"}],"version-history":[{"count":14,"href":"https:\/\/www.sudoestehoje.com.br\/novoportal\/wp-json\/wp\/v2\/posts\/2764\/revisions"}],"predecessor-version":[{"id":2870,"href":"https:\/\/www.sudoestehoje.com.br\/novoportal\/wp-json\/wp\/v2\/posts\/2764\/revisions\/2870"}],"wp:attachment":[{"href":"https:\/\/www.sudoestehoje.com.br\/novoportal\/wp-json\/wp\/v2\/media?parent=2764"}],"wp:term":[{"taxonomy":"category","embeddable":true,"href":"https:\/\/www.sudoestehoje.com.br\/novoportal\/wp-json\/wp\/v2\/categories?post=2764"},{"taxonomy":"post_tag","embeddable":true,"href":"https:\/\/www.sudoestehoje.com.br\/novoportal\/wp-json\/wp\/v2\/tags?post=2764"}],"curies":[{"name":"wp","href":"https:\/\/api.w.org\/{rel}","templated":true}]}}