
{"id":27619,"date":"2013-06-15T18:28:03","date_gmt":"2013-06-15T21:28:03","guid":{"rendered":"http:\/\/www.sudoestehoje.com.br\/novoportal\/?p=27619"},"modified":"2013-06-15T18:28:03","modified_gmt":"2013-06-15T21:28:03","slug":"sandro-regis-leva-discussao-sobre-barragem-do-catole-a-assembleia","status":"publish","type":"post","link":"https:\/\/www.sudoestehoje.com.br\/novoportal\/2013\/06\/15\/sandro-regis-leva-discussao-sobre-barragem-do-catole-a-assembleia\/","title":{"rendered":"SANDRO R\u00c9GIS LEVA DISCUSS\u00c3O SOBRE BARRAGEM DO CATOL\u00c9 \u00c0 ASSEMBL\u00c9IA"},"content":{"rendered":"<p><a href=\"http:\/\/www.sudoestehoje.com.br\/novoportal\/wp-content\/uploads\/2013\/06\/sandro-itinerante-jequie.jpg\"><img loading=\"lazy\" decoding=\"async\" class=\"aligncenter size-full wp-image-27620\" alt=\"sandro-itinerante-jequie\" src=\"http:\/\/www.sudoestehoje.com.br\/novoportal\/wp-content\/uploads\/2013\/06\/sandro-itinerante-jequie.jpg\" width=\"430\" height=\"323\" \/><\/a><\/p>\n<p>&nbsp;<\/p>\n<p>Com o objetivo de dirimir as d\u00favidas da popula\u00e7\u00e3o dos munic\u00edpios de Itapetinga e Barra do Cho\u00e7a sobre a constru\u00e7\u00e3o de barragem no rio Catol\u00e9, o 2\u00ba vice-presidente da Assembleia Legislativa, deputado Sandro R\u00e9gis, encaminhou \u00e0 Comiss\u00e3o de Meio Ambiente e Recursos H\u00eddricos da Casa of\u00edcio no qual solicita que a obra seja discutida e analisada por aquele colegiado.<\/p>\n<p>De acordo com o parlamentar, a EMBASA promoveu algumas audi\u00eancias p\u00fablicas na regi\u00e3o, nas quais apontou os benef\u00edcios que a obra proporcionar\u00e1 aos munic\u00edpios e suas popula\u00e7\u00f5es, mas ainda h\u00e1 duvidas entre os moradores sobre os seus poss\u00edveis impactos ambientais.<\/p>\n<p>O of\u00edcio foi encaminhado nesta quarta-feira (12) ao deputado Leur Lomando J\u00fanior, presidente da Comiss\u00e3o, que dever\u00e1 respond\u00ea-lo nos pr\u00f3ximos dias.<\/p>\n<p><em>Ascom<\/em><\/p>\n","protected":false},"excerpt":{"rendered":"<p>&nbsp; Com o objetivo de dirimir as d\u00favidas da popula\u00e7\u00e3o dos munic\u00edpios de Itapetinga e Barra do Cho\u00e7a sobre a constru\u00e7\u00e3o de barragem no rio Catol\u00e9, o 2\u00ba vice-presidente da Assembleia Legislativa, deputado Sandro R\u00e9gis, encaminhou \u00e0 Comiss\u00e3o de Meio Ambiente e Recursos H\u00eddricos da Casa of\u00edcio no qual solicita que a obra seja discutida [&hellip;]<\/p>\n","protected":false},"author":2,"featured_media":0,"comment_status":"open","ping_status":"open","sticky":false,"template":"","format":"standard","meta":{"footnotes":"","_links_to":"","_links_to_target":""},"categories":[1],"tags":[],"class_list":["post-27619","post","type-post","status-publish","format-standard","hentry","category-geral"],"views":1149,"_links":{"self":[{"href":"https:\/\/www.sudoestehoje.com.br\/novoportal\/wp-json\/wp\/v2\/posts\/27619","targetHints":{"allow":["GET"]}}],"collection":[{"href":"https:\/\/www.sudoestehoje.com.br\/novoportal\/wp-json\/wp\/v2\/posts"}],"about":[{"href":"https:\/\/www.sudoestehoje.com.br\/novoportal\/wp-json\/wp\/v2\/types\/post"}],"author":[{"embeddable":true,"href":"https:\/\/www.sudoestehoje.com.br\/novoportal\/wp-json\/wp\/v2\/users\/2"}],"replies":[{"embeddable":true,"href":"https:\/\/www.sudoestehoje.com.br\/novoportal\/wp-json\/wp\/v2\/comments?post=27619"}],"version-history":[{"count":3,"href":"https:\/\/www.sudoestehoje.com.br\/novoportal\/wp-json\/wp\/v2\/posts\/27619\/revisions"}],"predecessor-version":[{"id":27623,"href":"https:\/\/www.sudoestehoje.com.br\/novoportal\/wp-json\/wp\/v2\/posts\/27619\/revisions\/27623"}],"wp:attachment":[{"href":"https:\/\/www.sudoestehoje.com.br\/novoportal\/wp-json\/wp\/v2\/media?parent=27619"}],"wp:term":[{"taxonomy":"category","embeddable":true,"href":"https:\/\/www.sudoestehoje.com.br\/novoportal\/wp-json\/wp\/v2\/categories?post=27619"},{"taxonomy":"post_tag","embeddable":true,"href":"https:\/\/www.sudoestehoje.com.br\/novoportal\/wp-json\/wp\/v2\/tags?post=27619"}],"curies":[{"name":"wp","href":"https:\/\/api.w.org\/{rel}","templated":true}]}}