
{"id":27606,"date":"2013-06-15T20:06:33","date_gmt":"2013-06-15T23:06:33","guid":{"rendered":"http:\/\/www.sudoestehoje.com.br\/novoportal\/?p=27606"},"modified":"2013-06-15T21:39:10","modified_gmt":"2013-06-16T00:39:10","slug":"decoracao-junina-em-itarantim","status":"publish","type":"post","link":"https:\/\/www.sudoestehoje.com.br\/novoportal\/2013\/06\/15\/decoracao-junina-em-itarantim\/","title":{"rendered":"DECORA\u00c7\u00c3O JUNINA EM ITARANTIM"},"content":{"rendered":"<p><a href=\"http:\/\/www.sudoestehoje.com.br\/novoportal\/wp-content\/uploads\/2013\/06\/ale-1.jpg\"><img loading=\"lazy\" decoding=\"async\" class=\"aligncenter size-medium wp-image-27609\" alt=\"ale 1\" src=\"http:\/\/www.sudoestehoje.com.br\/novoportal\/wp-content\/uploads\/2013\/06\/ale-1-500x375.jpg\" width=\"500\" height=\"375\" srcset=\"https:\/\/www.sudoestehoje.com.br\/novoportal\/wp-content\/uploads\/2013\/06\/ale-1-500x375.jpg 500w, https:\/\/www.sudoestehoje.com.br\/novoportal\/wp-content\/uploads\/2013\/06\/ale-1-700x525.jpg 700w, https:\/\/www.sudoestehoje.com.br\/novoportal\/wp-content\/uploads\/2013\/06\/ale-1.jpg 1600w\" sizes=\"auto, (max-width: 500px) 100vw, 500px\" \/><\/a><\/p>\n<p>&nbsp;<\/p>\n<p>Mesmo tendo assumido uma prefeitura totalmente devastada e saqueada pelo seu antecessor, o prefeito de Itarantim, Paulo Fernandes, vem dando exemplo de administrador din\u00e2mico e eficaz, resgatando as tradi\u00e7\u00f5es do munic\u00edpio, como a Festa do Padroeiro Santo Ant\u00f4nio, anivers\u00e1rio do munic\u00edpio e S\u00e3o Jo\u00e3o, h\u00e1 muito esquecidas.<\/p>\n<p>Com muita criatividade e participa\u00e7\u00e3o de todas as secretarias municipais, as ruas da cidade foram totalmente decoradas para os festejos juninos, com bom gosto e custos baix\u00edssimos, ao contr\u00e1rio de Itapetinga, que virou motivo de chacota e goza\u00e7\u00f5es nas redes sociais e blogs, pelo extremo mau gosto na sua decora\u00e7\u00e3o para o S\u00e3o Jo\u00e3o.<\/p>\n<p>O que se v\u00ea em Itapetinga \u00e9 m\u00e1 vontade da equipe do prefeito Z\u00e9 Carlos, que \u00e9 incapaz de se unir em torno de um projeto t\u00e3o importante como a festa de S\u00e3o Jo\u00e3o, uma refer\u00eancia em todo o Estado. \u00c9 cada um por si, muita grana nos bolsos e bye, bye S\u00e3o Jo\u00e3o.<\/p>\n<p>Confira mais fotos de Itarantim:<\/p>\n<p><img decoding=\"async\" class=\"aligncenter\" alt=\"\" src=\"http:\/\/1.bp.blogspot.com\/-fnhUrqL54Io\/UbolIoVbZuI\/AAAAAAAAIYo\/hsvJfjNOOos\/s400\/DSC00233.JPG\" width=\"500\" \/><\/p>\n<p style=\"text-align: center;\"><img decoding=\"async\" class=\"aligncenter\" alt=\"\" src=\"http:\/\/2.bp.blogspot.com\/-mb2BlQhx1os\/UboleTUe32I\/AAAAAAAAIYw\/Z3wYqRwhqKw\/s400\/DSC00234.JPG\" width=\"500\" \/><\/p>\n<p><img decoding=\"async\" class=\"aligncenter\" alt=\"\" src=\"http:\/\/2.bp.blogspot.com\/-uNyxFZqKcMY\/Ubok0057w6I\/AAAAAAAAIYg\/mwKZJy_0kF8\/s400\/DSC00231.JPG\" width=\"500\" \/><\/p>\n<p><strong><em>Por Davi Ferraz\u00a0<\/em><\/strong><\/p>\n","protected":false},"excerpt":{"rendered":"<p>&nbsp; Mesmo tendo assumido uma prefeitura totalmente devastada e saqueada pelo seu antecessor, o prefeito de Itarantim, Paulo Fernandes, vem dando exemplo de administrador din\u00e2mico e eficaz, resgatando as tradi\u00e7\u00f5es do munic\u00edpio, como a Festa do Padroeiro Santo Ant\u00f4nio, anivers\u00e1rio do munic\u00edpio e S\u00e3o Jo\u00e3o, h\u00e1 muito esquecidas. Com muita criatividade e participa\u00e7\u00e3o de todas [&hellip;]<\/p>\n","protected":false},"author":2,"featured_media":0,"comment_status":"open","ping_status":"open","sticky":false,"template":"","format":"standard","meta":{"footnotes":"","_links_to":"","_links_to_target":""},"categories":[1],"tags":[],"class_list":["post-27606","post","type-post","status-publish","format-standard","hentry","category-geral"],"views":3088,"_links":{"self":[{"href":"https:\/\/www.sudoestehoje.com.br\/novoportal\/wp-json\/wp\/v2\/posts\/27606","targetHints":{"allow":["GET"]}}],"collection":[{"href":"https:\/\/www.sudoestehoje.com.br\/novoportal\/wp-json\/wp\/v2\/posts"}],"about":[{"href":"https:\/\/www.sudoestehoje.com.br\/novoportal\/wp-json\/wp\/v2\/types\/post"}],"author":[{"embeddable":true,"href":"https:\/\/www.sudoestehoje.com.br\/novoportal\/wp-json\/wp\/v2\/users\/2"}],"replies":[{"embeddable":true,"href":"https:\/\/www.sudoestehoje.com.br\/novoportal\/wp-json\/wp\/v2\/comments?post=27606"}],"version-history":[{"count":7,"href":"https:\/\/www.sudoestehoje.com.br\/novoportal\/wp-json\/wp\/v2\/posts\/27606\/revisions"}],"predecessor-version":[{"id":27626,"href":"https:\/\/www.sudoestehoje.com.br\/novoportal\/wp-json\/wp\/v2\/posts\/27606\/revisions\/27626"}],"wp:attachment":[{"href":"https:\/\/www.sudoestehoje.com.br\/novoportal\/wp-json\/wp\/v2\/media?parent=27606"}],"wp:term":[{"taxonomy":"category","embeddable":true,"href":"https:\/\/www.sudoestehoje.com.br\/novoportal\/wp-json\/wp\/v2\/categories?post=27606"},{"taxonomy":"post_tag","embeddable":true,"href":"https:\/\/www.sudoestehoje.com.br\/novoportal\/wp-json\/wp\/v2\/tags?post=27606"}],"curies":[{"name":"wp","href":"https:\/\/api.w.org\/{rel}","templated":true}]}}