
{"id":276,"date":"2010-08-24T08:30:14","date_gmt":"2010-08-24T11:30:14","guid":{"rendered":"http:\/\/sudoestehoje.tempsite.ws\/novoportal\/?p=276"},"modified":"2010-09-18T14:16:53","modified_gmt":"2010-09-18T17:16:53","slug":"barracas-de-praia-estao-sendo-demolidas-em-salvador","status":"publish","type":"post","link":"https:\/\/www.sudoestehoje.com.br\/novoportal\/2010\/08\/24\/barracas-de-praia-estao-sendo-demolidas-em-salvador\/","title":{"rendered":"BARRACAS DE PRAIA EST\u00c3O SENDO DEMOLIDAS EM SALVADOR"},"content":{"rendered":"<div>\n<p style=\"text-align: center;\"><img loading=\"lazy\" decoding=\"async\" class=\"aligncenter\" src=\"http:\/\/www.bahianoticias.com.br\/fotos\/editor\/Image\/barracas_incendiadas.jpg\" border=\"0\" alt=\"\" width=\"350\" height=\"229\" \/><\/p>\n<p style=\"text-align: center;\">As demoli\u00e7\u00f5es foram determinadas pela Justi\u00e7a Federal<\/p>\n<p>As  26 barracas de praia de Patamares foram ao ch\u00e3o no in\u00edcio da manh\u00e3  desta ter\u00e7a-feira (24), no segundo dia da opera\u00e7\u00e3o de demoli\u00e7\u00e3o das 353  barracas da orla de Salvador. A a\u00e7\u00e3o da Sucom \u00e9 coordenada por uma  for\u00e7a-tarefa formada por policiais federais, militares e pela  guarda-municipal. At\u00e9 o momento, houve apenas um registro de resist\u00eancia  de um senhor de 70 anos, conhecido como &#8220;Vav\u00e1&#8221;, que se trancou em uma  barraca e s\u00f3 saiu ap\u00f3s negocia\u00e7\u00e3o. Todas as outras barracas devem ser  demolidas em um prazo m\u00e1ximo de 11 dias, mas os trabalhos devem ser  encerrados na pr\u00f3xima sexta-feira (27). J\u00e1 os entulhos poder\u00e3o ser  retirados das praias em tr\u00eas meses. Informa\u00e7\u00f5es do Correio.<\/p>\n<\/div>\n","protected":false},"excerpt":{"rendered":"<p>As demoli\u00e7\u00f5es foram determinadas pela Justi\u00e7a Federal As 26 barracas de praia de Patamares foram ao ch\u00e3o no in\u00edcio da manh\u00e3 desta ter\u00e7a-feira (24), no segundo dia da opera\u00e7\u00e3o de demoli\u00e7\u00e3o das 353 barracas da orla de Salvador. A a\u00e7\u00e3o da Sucom \u00e9 coordenada por uma for\u00e7a-tarefa formada por policiais federais, militares e pela guarda-municipal. [&hellip;]<\/p>\n","protected":false},"author":1,"featured_media":0,"comment_status":"open","ping_status":"open","sticky":false,"template":"","format":"standard","meta":{"footnotes":"","_links_to":"","_links_to_target":""},"categories":[1],"tags":[],"class_list":["post-276","post","type-post","status-publish","format-standard","hentry","category-geral"],"views":1285,"_links":{"self":[{"href":"https:\/\/www.sudoestehoje.com.br\/novoportal\/wp-json\/wp\/v2\/posts\/276","targetHints":{"allow":["GET"]}}],"collection":[{"href":"https:\/\/www.sudoestehoje.com.br\/novoportal\/wp-json\/wp\/v2\/posts"}],"about":[{"href":"https:\/\/www.sudoestehoje.com.br\/novoportal\/wp-json\/wp\/v2\/types\/post"}],"author":[{"embeddable":true,"href":"https:\/\/www.sudoestehoje.com.br\/novoportal\/wp-json\/wp\/v2\/users\/1"}],"replies":[{"embeddable":true,"href":"https:\/\/www.sudoestehoje.com.br\/novoportal\/wp-json\/wp\/v2\/comments?post=276"}],"version-history":[{"count":1,"href":"https:\/\/www.sudoestehoje.com.br\/novoportal\/wp-json\/wp\/v2\/posts\/276\/revisions"}],"predecessor-version":[{"id":277,"href":"https:\/\/www.sudoestehoje.com.br\/novoportal\/wp-json\/wp\/v2\/posts\/276\/revisions\/277"}],"wp:attachment":[{"href":"https:\/\/www.sudoestehoje.com.br\/novoportal\/wp-json\/wp\/v2\/media?parent=276"}],"wp:term":[{"taxonomy":"category","embeddable":true,"href":"https:\/\/www.sudoestehoje.com.br\/novoportal\/wp-json\/wp\/v2\/categories?post=276"},{"taxonomy":"post_tag","embeddable":true,"href":"https:\/\/www.sudoestehoje.com.br\/novoportal\/wp-json\/wp\/v2\/tags?post=276"}],"curies":[{"name":"wp","href":"https:\/\/api.w.org\/{rel}","templated":true}]}}