
{"id":27595,"date":"2013-06-14T22:34:47","date_gmt":"2013-06-15T01:34:47","guid":{"rendered":"http:\/\/www.sudoestehoje.com.br\/novoportal\/?p=27595"},"modified":"2013-06-14T22:34:47","modified_gmt":"2013-06-15T01:34:47","slug":"mesmo-negando-candidatura-acm-neto-lidera-pesquisas-para-governo","status":"publish","type":"post","link":"https:\/\/www.sudoestehoje.com.br\/novoportal\/2013\/06\/14\/mesmo-negando-candidatura-acm-neto-lidera-pesquisas-para-governo\/","title":{"rendered":"MESMO NEGANDO CANDIDATURA, ACM NETO LIDERA PESQUISAS PARA GOVERNO"},"content":{"rendered":"<p style=\"text-align: center;\"><a href=\"http:\/\/www.sudoestehoje.com.br\/novoportal\/wp-content\/uploads\/2013\/06\/NETO-E-GEDDEL.jpg\"><img decoding=\"async\" class=\"aligncenter  wp-image-27596\" alt=\"NETO E GEDDEL\" src=\"http:\/\/www.sudoestehoje.com.br\/novoportal\/wp-content\/uploads\/2013\/06\/NETO-E-GEDDEL.jpg\" width=\"450\" \/><\/a><\/p>\n<p style=\"text-align: center;\"><em>Nos cen\u00e1rios sem Neto, Geddel passa a liderar pesquisa da P&amp;A\u00a0<\/em><\/p>\n<p>&nbsp;<\/p>\n<p>Apesar de garantir que n\u00e3o deixar\u00e1 a prefeitura de Salvador para disputar a sucess\u00e3o do governador Jaques Wagner (PT) em 2014, o nome de ACM Neto (DEM) tem se mantido no topo das sondagens para o governo da Bahia. O jornalista Ilimar Franco divulgou nesta sexta-feira (14) em sua coluna no jornal O Globo o resultado de pesquisa da P&amp;A que revela: Neto lidera em todos os cen\u00e1rios para o governo da Bahia.<\/p>\n<p>No levantamento P&amp;A, o democrata atinge cerca de 37% das inten\u00e7\u00f5es de voto. \u201cNos cen\u00e1rios sem seu nome, os indefinidos pulam para 34% e a candidatura de Geddel Vieira Lima (PMDB) \u00e9 turbinada em dez pontos percentuais\u201d, escreve o colunista.\u00a0Sem ACM Neto na disputa, o presidente estadual dos peemedebistas assume a ponta na corrida para o Pal\u00e1cio de Ondina.<\/p>\n<p>A pesquisa do Instituto P&amp;A aponta Geddel com 23,2% e a senadora L\u00eddice da Mata (PSB) com 13,1%. O senador Walter Pinheiro \u00e9 o petista melhor colocado, com 9,5%. Ainda de acordo com Ilimar Franco, no pleito presidencial, Dilma alcan\u00e7a 54,4%, Marina Silva 17,2%, A\u00e9cio Neves 7,7% e Eduardo Campos 2,1%. BN<\/p>\n","protected":false},"excerpt":{"rendered":"<p>Nos cen\u00e1rios sem Neto, Geddel passa a liderar pesquisa da P&amp;A\u00a0 &nbsp; Apesar de garantir que n\u00e3o deixar\u00e1 a prefeitura de Salvador para disputar a sucess\u00e3o do governador Jaques Wagner (PT) em 2014, o nome de ACM Neto (DEM) tem se mantido no topo das sondagens para o governo da Bahia. O jornalista Ilimar Franco [&hellip;]<\/p>\n","protected":false},"author":2,"featured_media":0,"comment_status":"open","ping_status":"open","sticky":false,"template":"","format":"standard","meta":{"footnotes":"","_links_to":"","_links_to_target":""},"categories":[1],"tags":[],"class_list":["post-27595","post","type-post","status-publish","format-standard","hentry","category-geral"],"views":1165,"_links":{"self":[{"href":"https:\/\/www.sudoestehoje.com.br\/novoportal\/wp-json\/wp\/v2\/posts\/27595","targetHints":{"allow":["GET"]}}],"collection":[{"href":"https:\/\/www.sudoestehoje.com.br\/novoportal\/wp-json\/wp\/v2\/posts"}],"about":[{"href":"https:\/\/www.sudoestehoje.com.br\/novoportal\/wp-json\/wp\/v2\/types\/post"}],"author":[{"embeddable":true,"href":"https:\/\/www.sudoestehoje.com.br\/novoportal\/wp-json\/wp\/v2\/users\/2"}],"replies":[{"embeddable":true,"href":"https:\/\/www.sudoestehoje.com.br\/novoportal\/wp-json\/wp\/v2\/comments?post=27595"}],"version-history":[{"count":3,"href":"https:\/\/www.sudoestehoje.com.br\/novoportal\/wp-json\/wp\/v2\/posts\/27595\/revisions"}],"predecessor-version":[{"id":27599,"href":"https:\/\/www.sudoestehoje.com.br\/novoportal\/wp-json\/wp\/v2\/posts\/27595\/revisions\/27599"}],"wp:attachment":[{"href":"https:\/\/www.sudoestehoje.com.br\/novoportal\/wp-json\/wp\/v2\/media?parent=27595"}],"wp:term":[{"taxonomy":"category","embeddable":true,"href":"https:\/\/www.sudoestehoje.com.br\/novoportal\/wp-json\/wp\/v2\/categories?post=27595"},{"taxonomy":"post_tag","embeddable":true,"href":"https:\/\/www.sudoestehoje.com.br\/novoportal\/wp-json\/wp\/v2\/tags?post=27595"}],"curies":[{"name":"wp","href":"https:\/\/api.w.org\/{rel}","templated":true}]}}