
{"id":2746,"date":"2010-12-24T12:45:53","date_gmt":"2010-12-24T15:45:53","guid":{"rendered":"http:\/\/www.sudoestehoje.com.br\/novoportal\/?p=2746"},"modified":"2010-12-24T12:50:37","modified_gmt":"2010-12-24T15:50:37","slug":"natal-epoca-de-uniao-por-uma-itapetinga-mais-humana","status":"publish","type":"post","link":"https:\/\/www.sudoestehoje.com.br\/novoportal\/2010\/12\/24\/natal-epoca-de-uniao-por-uma-itapetinga-mais-humana\/","title":{"rendered":"NATAL: \u00c9POCA DE UNI\u00c3O POR UMA ITAPETINGA MAIS HUMANA"},"content":{"rendered":"<h2 style=\"text-align: center;\"><img loading=\"lazy\" decoding=\"async\" id=\"Image16_img\" class=\"aligncenter\" src=\"http:\/\/1.bp.blogspot.com\/_6kA992xTKzg\/TQLB5MnAq5I\/AAAAAAAABWY\/_tA3ZEqRtf4\/S470\/DSC00157.JPG\" alt=\"nova mesa diretora da camara tem o vereador jo\u00e3o de Deus como presidente para os bienos 2011 e 2012\" width=\"470\" height=\"352\" \/><\/h2>\n<p style=\"text-align: center;\">Alfredo Cabral, Benilson Leite, Gild\u00e9cio Tambor\u00ed, Marcos Gabrielle,\u00a0 Jo\u00e3o de Deus, Naara Duarte e Fabiano Bahia.<\/p>\n<p style=\"text-align: center;\"><strong><em>\u00a0<\/em><\/strong><\/p>\n<p style=\"text-align: center;\"><strong><em>MENSAGEM<\/em><\/strong><\/p>\n<p style=\"text-align: center;\"><strong><em>\u00a0<\/em><\/strong><\/p>\n<p style=\"text-align: center;\"><strong><em>&#8220;Natal \u00e9 \u00e9poca de reunir a familia, as gera\u00e7\u00f5es, para comemorar um dos acontecimentos mais importantes, o nascimento do salvador, \u00e9poca de comemorar a uni\u00e3o entre os homens de boa vontade, tempo de construir la\u00e7os.<\/em><\/strong><\/p>\n<p style=\"text-align: center;\"><strong><em>Desejamos do fundo dos nossos cora\u00e7\u00f5es que esta renova\u00e7\u00e3o que o Natal nos traz, se estenda a todos os dias do pr\u00f3ximo ano, dando-nos mais for\u00e7a para continuar em frente&#8221;.<\/em><\/strong><\/p>\n<p style=\"text-align: center;\"><strong><em>\u00a0<\/em><\/strong><\/p>\n<p style=\"text-align: center;\"><strong><em>FELIZ NATAL E UM ANO NOVO DE GRANDES REALIZA\u00c7\u00d5ES E MUITA PAZ !<\/em><\/strong><\/p>\n<p style=\"text-align: center;\"><strong><em>\u00a0<\/em><\/strong><\/p>\n<p style=\"text-align: center;\"><strong><em>S\u00e3o os votos dos vereadores:<\/em><\/strong><\/p>\n<p style=\"text-align: center;\"><strong><em>\u00a0<\/em><\/strong><\/p>\n<p style=\"text-align: center;\"><strong><em>Jo\u00e3o de Deus, Marc\u00e3o, Alfredo, Naara, Chiquinho,\u00a0Bahia e Chico Ferro Velho\u00a0<\/em><\/strong><\/p>\n","protected":false},"excerpt":{"rendered":"<p>Alfredo Cabral, Benilson Leite, Gild\u00e9cio Tambor\u00ed, Marcos Gabrielle,\u00a0 Jo\u00e3o de Deus, Naara Duarte e Fabiano Bahia. \u00a0 MENSAGEM \u00a0 &#8220;Natal \u00e9 \u00e9poca de reunir a familia, as gera\u00e7\u00f5es, para comemorar um dos acontecimentos mais importantes, o nascimento do salvador, \u00e9poca de comemorar a uni\u00e3o entre os homens de boa vontade, tempo de construir la\u00e7os. Desejamos [&hellip;]<\/p>\n","protected":false},"author":2,"featured_media":0,"comment_status":"open","ping_status":"open","sticky":false,"template":"","format":"standard","meta":{"footnotes":"","_links_to":"","_links_to_target":""},"categories":[1],"tags":[],"class_list":["post-2746","post","type-post","status-publish","format-standard","hentry","category-geral"],"views":1265,"_links":{"self":[{"href":"https:\/\/www.sudoestehoje.com.br\/novoportal\/wp-json\/wp\/v2\/posts\/2746","targetHints":{"allow":["GET"]}}],"collection":[{"href":"https:\/\/www.sudoestehoje.com.br\/novoportal\/wp-json\/wp\/v2\/posts"}],"about":[{"href":"https:\/\/www.sudoestehoje.com.br\/novoportal\/wp-json\/wp\/v2\/types\/post"}],"author":[{"embeddable":true,"href":"https:\/\/www.sudoestehoje.com.br\/novoportal\/wp-json\/wp\/v2\/users\/2"}],"replies":[{"embeddable":true,"href":"https:\/\/www.sudoestehoje.com.br\/novoportal\/wp-json\/wp\/v2\/comments?post=2746"}],"version-history":[{"count":4,"href":"https:\/\/www.sudoestehoje.com.br\/novoportal\/wp-json\/wp\/v2\/posts\/2746\/revisions"}],"predecessor-version":[{"id":2749,"href":"https:\/\/www.sudoestehoje.com.br\/novoportal\/wp-json\/wp\/v2\/posts\/2746\/revisions\/2749"}],"wp:attachment":[{"href":"https:\/\/www.sudoestehoje.com.br\/novoportal\/wp-json\/wp\/v2\/media?parent=2746"}],"wp:term":[{"taxonomy":"category","embeddable":true,"href":"https:\/\/www.sudoestehoje.com.br\/novoportal\/wp-json\/wp\/v2\/categories?post=2746"},{"taxonomy":"post_tag","embeddable":true,"href":"https:\/\/www.sudoestehoje.com.br\/novoportal\/wp-json\/wp\/v2\/tags?post=2746"}],"curies":[{"name":"wp","href":"https:\/\/api.w.org\/{rel}","templated":true}]}}