
{"id":274,"date":"2010-08-24T11:29:27","date_gmt":"2010-08-24T14:29:27","guid":{"rendered":"http:\/\/sudoestehoje.tempsite.ws\/novoportal\/?p=274"},"modified":"2010-09-18T14:15:40","modified_gmt":"2010-09-18T17:15:40","slug":"itapetinga-mototaxistas-protestam-em-frente-a-prefeitura-e-pedem-a-cabeca-do-chefe-da-comutran","status":"publish","type":"post","link":"https:\/\/www.sudoestehoje.com.br\/novoportal\/2010\/08\/24\/itapetinga-mototaxistas-protestam-em-frente-a-prefeitura-e-pedem-a-cabeca-do-chefe-da-comutran\/","title":{"rendered":"ITAPETINGA: MOTOTAXISTAS PROTESTAM EM FRENTE \u00c0 PREFEITURA E PEDEM A CABE\u00c7A DO CHEFE DA COMUTRAN"},"content":{"rendered":"<p><a href=\"http:\/\/www.sudoestehoje.com.br\/web\/images\/stories\/mototaxi1g.jpg\" target=\"_blank\"><\/a><\/p>\n<p style=\"text-align: center;\"><a href=\"http:\/\/www.sudoestehoje.com.br\/web\/images\/stories\/mototaxi1g.jpg\" target=\"_blank\"><\/p>\n<div><img loading=\"lazy\" decoding=\"async\" class=\"aligncenter\" src=\"http:\/\/www.sudoestehoje.com.br\/web\/images\/stories\/mototaxi1.jpg\" border=\"0\" alt=\"\" width=\"400\" height=\"300\" \/><\/div>\n<div>Manifestantes em frente \u00e0 prefeitura municipal<\/div>\n<p><\/a><\/p>\n<p>ITAPETINGA:  Cerca de 300 mototaxistas fizeram uma grande manifesta\u00e7\u00e3o em frente \u00e0  prefeitura de Itapetinga, na manh\u00e3 desta ter\u00e7a-feira. O motivo do  protesto, segundo os representantes dos mototaxistas, s\u00e3o as altas taxas  cobradas pela prefeitura para conceder os alvar\u00e1s, R$260,00 de cada  mototaxista, enquanto um alvar\u00e1 para taxi custa em torno de R$25,00.  Outra queixa dos mototaxistas \u00e9 a plotagem das motos\u00a0(faixas amarelas),  que descaracterizam os ve\u00edculos e s\u00e3o ilegais. Reivindicam, ainda, as  placas vermelhas nas motos, para diferenci\u00e1-las dos ve\u00edculos de uso  particular, como manda a lei.<\/p>\n<p><a href=\"http:\/\/www.sudoestehoje.com.br\/web\/images\/stories\/mototaxi2g.jpg\" target=\"_blank\"><\/a><\/p>\n<p style=\"text-align: center;\"><a href=\"http:\/\/www.sudoestehoje.com.br\/web\/images\/stories\/mototaxi2g.jpg\" target=\"_blank\"><\/p>\n<div><img loading=\"lazy\" decoding=\"async\" class=\"aligncenter\" src=\"http:\/\/www.sudoestehoje.com.br\/web\/images\/stories\/mototaxi2.jpg\" border=\"0\" alt=\"\" width=\"400\" height=\"266\" \/><\/div>\n<div>Romildo Teixeira, Amaral e Jeremias foram vaiados<\/div>\n<p><\/a><\/p>\n<p style=\"text-align: center;\"><span style=\"text-decoration: underline;\">O PREFEITO SUMIU<\/span><\/p>\n<p>Alertado  sobre o movimento dos mototaxistas, o prefeito Jos\u00e9 Carlos n\u00e3o deu as  caras na prefeitura, deixando os manifestantes a ver navios. N\u00e3o se sabe  se por conta pr\u00f3pria ou mandados por algu\u00e9m, quem apareceu tentando um  &#8216;di\u00e1logo&#8217; foram os lucutores oficiais Jeremias Pereira e Amaral Junior,  acompanhados do vereador Romildo Teixeira, mas foram recha\u00e7ados pelos  manifestantes, atrav\u00e9s de uma sonora vaia.<\/p>\n<div style=\"text-align: center;\"><img loading=\"lazy\" decoding=\"async\" src=\"http:\/\/www.sudoestehoje.com.br\/web\/images\/stories\/mototaxi3.jpg\" border=\"0\" alt=\"\" width=\"372\" height=\"372\" \/><\/div>\n<p style=\"text-align: center;\"><span style=\"text-decoration: underline;\">PEDIRAM A CABE\u00c7A DE PAULO GEOVANE<\/span><\/p>\n<p>O  alvo principal dos manifestantes \u00e9 o coordenador da Comutran, Sgt.  Paulo Geovane, a quem os mototaxistas atribuem uma s\u00e9rie de  irregularidades, dentre elas o desviu de verbas p\u00fablicas em proveito  pr\u00f3prio e persegui\u00e7\u00e3o aos mototaxistas, atrav\u00e9s de multas.\u00a0Quando o nome  de Paulo Geovane foi mencionado por um dos oradores do movimento, o que  se ouviu foram os mototaxistas gritarem em coro: <em>&#8220;fora Paulo Geovane, fora Paulo Geovane&#8230;!&#8221;<\/em> Pelo visto o chefe da Comutran n\u00e3o \u00e9 &#8216;persona mui grata&#8217; entre os mototaxistas.<\/p>\n<p>Por  volta das 11:00h, os manifestantes resolveram interroper o movimento,  indignados com a falta de aten\u00e7\u00e3o das autoridades municipais, que  demonstraram total desprezo por suas reivindica\u00e7\u00f5es, negando-se,  inclusive,\u00a0em receberem os l\u00edderes do movimento, para ouvirem suas  reclama\u00e7\u00f5es. Os mototaxistas, entretanto, prometeram voltar \u00e0 carga,  exigindo uma reuni\u00e3o com o pr\u00f3prio prefeito, assim que voltar de &#8216;<em>viagem<\/em>&#8216;.<\/p>\n<p>Davi Ferraz<\/p>\n","protected":false},"excerpt":{"rendered":"<p>Manifestantes em frente \u00e0 prefeitura municipal ITAPETINGA: Cerca de 300 mototaxistas fizeram uma grande manifesta\u00e7\u00e3o em frente \u00e0 prefeitura de Itapetinga, na manh\u00e3 desta ter\u00e7a-feira. O motivo do protesto, segundo os representantes dos mototaxistas, s\u00e3o as altas taxas cobradas pela prefeitura para conceder os alvar\u00e1s, R$260,00 de cada mototaxista, enquanto um alvar\u00e1 para taxi custa [&hellip;]<\/p>\n","protected":false},"author":1,"featured_media":0,"comment_status":"open","ping_status":"open","sticky":false,"template":"","format":"standard","meta":{"footnotes":"","_links_to":"","_links_to_target":""},"categories":[1],"tags":[],"class_list":["post-274","post","type-post","status-publish","format-standard","hentry","category-geral"],"views":1302,"_links":{"self":[{"href":"https:\/\/www.sudoestehoje.com.br\/novoportal\/wp-json\/wp\/v2\/posts\/274","targetHints":{"allow":["GET"]}}],"collection":[{"href":"https:\/\/www.sudoestehoje.com.br\/novoportal\/wp-json\/wp\/v2\/posts"}],"about":[{"href":"https:\/\/www.sudoestehoje.com.br\/novoportal\/wp-json\/wp\/v2\/types\/post"}],"author":[{"embeddable":true,"href":"https:\/\/www.sudoestehoje.com.br\/novoportal\/wp-json\/wp\/v2\/users\/1"}],"replies":[{"embeddable":true,"href":"https:\/\/www.sudoestehoje.com.br\/novoportal\/wp-json\/wp\/v2\/comments?post=274"}],"version-history":[{"count":1,"href":"https:\/\/www.sudoestehoje.com.br\/novoportal\/wp-json\/wp\/v2\/posts\/274\/revisions"}],"predecessor-version":[{"id":275,"href":"https:\/\/www.sudoestehoje.com.br\/novoportal\/wp-json\/wp\/v2\/posts\/274\/revisions\/275"}],"wp:attachment":[{"href":"https:\/\/www.sudoestehoje.com.br\/novoportal\/wp-json\/wp\/v2\/media?parent=274"}],"wp:term":[{"taxonomy":"category","embeddable":true,"href":"https:\/\/www.sudoestehoje.com.br\/novoportal\/wp-json\/wp\/v2\/categories?post=274"},{"taxonomy":"post_tag","embeddable":true,"href":"https:\/\/www.sudoestehoje.com.br\/novoportal\/wp-json\/wp\/v2\/tags?post=274"}],"curies":[{"name":"wp","href":"https:\/\/api.w.org\/{rel}","templated":true}]}}