
{"id":2739,"date":"2010-12-24T12:14:14","date_gmt":"2010-12-24T15:14:14","guid":{"rendered":"http:\/\/www.sudoestehoje.com.br\/novoportal\/?p=2739"},"modified":"2010-12-24T12:19:35","modified_gmt":"2010-12-24T15:19:35","slug":"mensagem-de-natal-do-vereador-joao-de-deus","status":"publish","type":"post","link":"https:\/\/www.sudoestehoje.com.br\/novoportal\/2010\/12\/24\/mensagem-de-natal-do-vereador-joao-de-deus\/","title":{"rendered":"MENSAGEM DE NATAL DO VEREADOR JO\u00c3O DE DEUS"},"content":{"rendered":"<p style=\"text-align: center;\">\u00a0<\/p>\n<p style=\"text-align: center;\"><img loading=\"lazy\" decoding=\"async\" id=\"Image1_img\" src=\"http:\/\/2.bp.blogspot.com\/_6kA992xTKzg\/SjMq7LtMzhI\/AAAAAAAAAVo\/7dyvs0N0EeM\/S240\/OgAAAAhazF9yTaQkqd3BSjmGfVhPL8RVjT6PwV_pPb0JDi7zOi9rHnE6axHaEDJfXQS2URKjTdO1by9M3sN2Ui0KuK0Am1T1UJh9Wq-eR8MZ3nV-NSpBmbicRepp.jpg\" alt=\"Jo\u00e3o de Deus vereador do PMDB\" width=\"180\" height=\"240\" \/><br \/>\nCompromisso com o povo !!!<\/p>\n<p style=\"text-align: center;\"><strong><em>&#8220;Eu sempre pensei em Natal como um tempo bom; um bem, perd\u00e3o, generosidade, \u00e9poca agrad\u00e1vel; uma \u00e9poca em que os homens e mulheres parecem abrir os\u00a0 seus cora\u00e7\u00f5es\u00a0espontaneamente.<\/em><\/strong><\/p>\n<p style=\"text-align: center;\"><strong><em>Deus aben\u00e7oe o Natal e que as realiza\u00e7\u00f5es alcan\u00e7adas este ano, sejam apenas sementes plantadas, que ser\u00e3o colhidas com maior sucesso no ano vindouro&#8221;.<\/em><\/strong><\/p>\n<p style=\"text-align: center;\"><strong><em>\u00a0<\/em><\/strong><\/p>\n<p style=\"text-align: center;\"><strong><em>FELIZ \u00a0NATAL !<\/em><\/strong><\/p>\n<p style=\"text-align: center;\"><strong><em>\u00a0<\/em><\/strong><\/p>\n<p style=\"text-align: center;\"><strong><em>Vereador JO\u00c3O DE DEUS (PMDB)<\/em><\/strong><\/p>\n","protected":false},"excerpt":{"rendered":"<p>\u00a0 Compromisso com o povo !!! &#8220;Eu sempre pensei em Natal como um tempo bom; um bem, perd\u00e3o, generosidade, \u00e9poca agrad\u00e1vel; uma \u00e9poca em que os homens e mulheres parecem abrir os\u00a0 seus cora\u00e7\u00f5es\u00a0espontaneamente. Deus aben\u00e7oe o Natal e que as realiza\u00e7\u00f5es alcan\u00e7adas este ano, sejam apenas sementes plantadas, que ser\u00e3o colhidas com maior sucesso [&hellip;]<\/p>\n","protected":false},"author":2,"featured_media":0,"comment_status":"open","ping_status":"open","sticky":false,"template":"","format":"standard","meta":{"footnotes":"","_links_to":"","_links_to_target":""},"categories":[1],"tags":[],"class_list":["post-2739","post","type-post","status-publish","format-standard","hentry","category-geral"],"views":1147,"_links":{"self":[{"href":"https:\/\/www.sudoestehoje.com.br\/novoportal\/wp-json\/wp\/v2\/posts\/2739","targetHints":{"allow":["GET"]}}],"collection":[{"href":"https:\/\/www.sudoestehoje.com.br\/novoportal\/wp-json\/wp\/v2\/posts"}],"about":[{"href":"https:\/\/www.sudoestehoje.com.br\/novoportal\/wp-json\/wp\/v2\/types\/post"}],"author":[{"embeddable":true,"href":"https:\/\/www.sudoestehoje.com.br\/novoportal\/wp-json\/wp\/v2\/users\/2"}],"replies":[{"embeddable":true,"href":"https:\/\/www.sudoestehoje.com.br\/novoportal\/wp-json\/wp\/v2\/comments?post=2739"}],"version-history":[{"count":6,"href":"https:\/\/www.sudoestehoje.com.br\/novoportal\/wp-json\/wp\/v2\/posts\/2739\/revisions"}],"predecessor-version":[{"id":2743,"href":"https:\/\/www.sudoestehoje.com.br\/novoportal\/wp-json\/wp\/v2\/posts\/2739\/revisions\/2743"}],"wp:attachment":[{"href":"https:\/\/www.sudoestehoje.com.br\/novoportal\/wp-json\/wp\/v2\/media?parent=2739"}],"wp:term":[{"taxonomy":"category","embeddable":true,"href":"https:\/\/www.sudoestehoje.com.br\/novoportal\/wp-json\/wp\/v2\/categories?post=2739"},{"taxonomy":"post_tag","embeddable":true,"href":"https:\/\/www.sudoestehoje.com.br\/novoportal\/wp-json\/wp\/v2\/tags?post=2739"}],"curies":[{"name":"wp","href":"https:\/\/api.w.org\/{rel}","templated":true}]}}