
{"id":27377,"date":"2013-06-07T18:23:06","date_gmt":"2013-06-07T21:23:06","guid":{"rendered":"http:\/\/www.sudoestehoje.com.br\/novoportal\/?p=27377"},"modified":"2013-06-07T18:45:57","modified_gmt":"2013-06-07T21:45:57","slug":"passageiros-precisam-usar-guarda-chuva-em-onibus-da-viacao-itapetinga","status":"publish","type":"post","link":"https:\/\/www.sudoestehoje.com.br\/novoportal\/2013\/06\/07\/passageiros-precisam-usar-guarda-chuva-em-onibus-da-viacao-itapetinga\/","title":{"rendered":"PASSAGEIROS PRECISAM USAR GUARDA-CHUVA EM \u00d4NIBUS DA VIA\u00c7\u00c3O ITAPETINGA"},"content":{"rendered":"<p><a href=\"http:\/\/www.sudoestehoje.com.br\/novoportal\/wp-content\/uploads\/2013\/06\/chuva-viacao-2.jpg\"><img loading=\"lazy\" decoding=\"async\" class=\"aligncenter size-medium wp-image-27378\" alt=\"chuva-viacao-2\" src=\"http:\/\/www.sudoestehoje.com.br\/novoportal\/wp-content\/uploads\/2013\/06\/chuva-viacao-2-500x375.jpg\" width=\"500\" height=\"375\" srcset=\"https:\/\/www.sudoestehoje.com.br\/novoportal\/wp-content\/uploads\/2013\/06\/chuva-viacao-2-500x375.jpg 500w, https:\/\/www.sudoestehoje.com.br\/novoportal\/wp-content\/uploads\/2013\/06\/chuva-viacao-2.jpg 640w\" sizes=\"auto, (max-width: 500px) 100vw, 500px\" \/><\/a><\/p>\n<p>&nbsp;<\/p>\n<p>Um \u00f4nibus da Via\u00e7\u00e3o Itapetinga, que faz a linha para o distrito de Bandeira do Col\u00f4nia, est\u00e1 cheio de goteiras e mesmo estando com todos os vidros fechados, teve seu interior totalmente molhado, na manh\u00e3 desta quinta-feira (06), ap\u00f3s passar por um local de intensa chuva no trajeto.<\/p>\n<p>Uma estudante que estava sentada do lado da janela do \u00f4nibus, precisou fazer o uso de um guarda-chuva, para se proteger dos respingos causados pela chuva que molhavam os passageiros da velha &#8220;cata-nica&#8221;.<\/p>\n<p>Mesmo assim, a dire\u00e7\u00e3o da empresa achou pouco o aumento das passagens generosamente concedido pelo prefeito Z\u00e9 Carlos, que contou com uma &#8220;m\u00e3ozinha&#8221; de alguns vereadores.<\/p>\n<p><strong><em>Davi Ferraz<\/em><\/strong><\/p>\n<p>(Com informa\u00e7\u00f5es do Blog Itoror\u00f3 J\u00e1)<\/p>\n","protected":false},"excerpt":{"rendered":"<p>&nbsp; Um \u00f4nibus da Via\u00e7\u00e3o Itapetinga, que faz a linha para o distrito de Bandeira do Col\u00f4nia, est\u00e1 cheio de goteiras e mesmo estando com todos os vidros fechados, teve seu interior totalmente molhado, na manh\u00e3 desta quinta-feira (06), ap\u00f3s passar por um local de intensa chuva no trajeto. Uma estudante que estava sentada do [&hellip;]<\/p>\n","protected":false},"author":2,"featured_media":0,"comment_status":"open","ping_status":"open","sticky":false,"template":"","format":"standard","meta":{"footnotes":"","_links_to":"","_links_to_target":""},"categories":[1],"tags":[],"class_list":["post-27377","post","type-post","status-publish","format-standard","hentry","category-geral"],"views":2232,"_links":{"self":[{"href":"https:\/\/www.sudoestehoje.com.br\/novoportal\/wp-json\/wp\/v2\/posts\/27377","targetHints":{"allow":["GET"]}}],"collection":[{"href":"https:\/\/www.sudoestehoje.com.br\/novoportal\/wp-json\/wp\/v2\/posts"}],"about":[{"href":"https:\/\/www.sudoestehoje.com.br\/novoportal\/wp-json\/wp\/v2\/types\/post"}],"author":[{"embeddable":true,"href":"https:\/\/www.sudoestehoje.com.br\/novoportal\/wp-json\/wp\/v2\/users\/2"}],"replies":[{"embeddable":true,"href":"https:\/\/www.sudoestehoje.com.br\/novoportal\/wp-json\/wp\/v2\/comments?post=27377"}],"version-history":[{"count":5,"href":"https:\/\/www.sudoestehoje.com.br\/novoportal\/wp-json\/wp\/v2\/posts\/27377\/revisions"}],"predecessor-version":[{"id":27382,"href":"https:\/\/www.sudoestehoje.com.br\/novoportal\/wp-json\/wp\/v2\/posts\/27377\/revisions\/27382"}],"wp:attachment":[{"href":"https:\/\/www.sudoestehoje.com.br\/novoportal\/wp-json\/wp\/v2\/media?parent=27377"}],"wp:term":[{"taxonomy":"category","embeddable":true,"href":"https:\/\/www.sudoestehoje.com.br\/novoportal\/wp-json\/wp\/v2\/categories?post=27377"},{"taxonomy":"post_tag","embeddable":true,"href":"https:\/\/www.sudoestehoje.com.br\/novoportal\/wp-json\/wp\/v2\/tags?post=27377"}],"curies":[{"name":"wp","href":"https:\/\/api.w.org\/{rel}","templated":true}]}}