
{"id":2732,"date":"2010-12-24T09:55:16","date_gmt":"2010-12-24T12:55:16","guid":{"rendered":"http:\/\/www.sudoestehoje.com.br\/novoportal\/?p=2732"},"modified":"2010-12-24T09:55:16","modified_gmt":"2010-12-24T12:55:16","slug":"jw-geddel-caiu-por-trabalhar-contra-projeto","status":"publish","type":"post","link":"https:\/\/www.sudoestehoje.com.br\/novoportal\/2010\/12\/24\/jw-geddel-caiu-por-trabalhar-contra-projeto\/","title":{"rendered":"JW: GEDDEL CAIU POR TRABALHAR CONTRA PROJETO"},"content":{"rendered":"<p>\u00a0<\/p>\n<div>\n<p style=\"text-align: center;\"><strong><img loading=\"lazy\" decoding=\"async\" class=\"aligncenter\" src=\"http:\/\/www.bahianoticias.com.br\/fotos\/editor\/Image\/geddel4.jpg\" alt=\"\" width=\"350\" height=\"234\" \/><\/strong><\/p>\n<\/div>\n<p style=\"text-align: center;\"><strong>Geddel ficou de fora do minist\u00e9rio de Dilma. Veto de Wagner?<\/strong><\/p>\n<p>\u00a0<\/p>\n<p>O governador Jaques Wagner assegurou que n\u00e3o teve influ\u00eancia para que o deputado federal Geddel Vieira Lima (PMDB) n\u00e3o tenha sido indicado para ocupar um minist\u00e9rio ou outro cargo no governo Dilma. De acordo o petista, o seu ex-aliado foi quem descumpriu com o combinado entre os partidos. <em>\u201cA mesma pessoa que plantou que ele ia para Infraero, foi a mesma que plantou que eu disse que ele n\u00e3o ia. N\u00e3o sei quem foi. Eu n\u00e3o sou nem da entrada e nem da sa\u00edda. O PMDB \u00e9 quem faz as indica\u00e7\u00f5es e n\u00e3o me consta que, at\u00e9 agora, tenha feito essa indica\u00e7\u00e3o. Se ela (Dilma) trabalhar por meritocracia, ele, no minist\u00e9rio (da Integra\u00e7\u00e3o Nacional) n\u00e3o construiu aquilo que o projeto pol\u00edtico pedia. O projeto pol\u00edtico pedia a unidade PT-PMDB, visando 2010. Ele trabalhou contra\u201d,<\/em> avaliou. O l\u00edder baiano salientou ainda que n\u00e3o sabe se o peemedebista ainda poder\u00e1 integrar a equipe, ou em uma empresa p\u00fablica ou mesmo, futuramente, em outra pasta. De todo modo, ele diz que n\u00e3o se envolver\u00e1 no assunto. <em>\u201cEu n\u00e3o veto ningu\u00e9m porque n\u00e3o me cabe vetar. O minist\u00e9rio \u00e9 dela (Dilma). N\u00e3o funciona assim. Ningu\u00e9m diz a um presidente o que ele pode fazer ou n\u00e3o pode fazer\u201d,<\/em> concluiu. BN<\/p>\n","protected":false},"excerpt":{"rendered":"<p>\u00a0 Geddel ficou de fora do minist\u00e9rio de Dilma. Veto de Wagner? \u00a0 O governador Jaques Wagner assegurou que n\u00e3o teve influ\u00eancia para que o deputado federal Geddel Vieira Lima (PMDB) n\u00e3o tenha sido indicado para ocupar um minist\u00e9rio ou outro cargo no governo Dilma. De acordo o petista, o seu ex-aliado foi quem descumpriu [&hellip;]<\/p>\n","protected":false},"author":2,"featured_media":0,"comment_status":"open","ping_status":"open","sticky":false,"template":"","format":"standard","meta":{"footnotes":"","_links_to":"","_links_to_target":""},"categories":[1],"tags":[],"class_list":["post-2732","post","type-post","status-publish","format-standard","hentry","category-geral"],"views":1225,"_links":{"self":[{"href":"https:\/\/www.sudoestehoje.com.br\/novoportal\/wp-json\/wp\/v2\/posts\/2732","targetHints":{"allow":["GET"]}}],"collection":[{"href":"https:\/\/www.sudoestehoje.com.br\/novoportal\/wp-json\/wp\/v2\/posts"}],"about":[{"href":"https:\/\/www.sudoestehoje.com.br\/novoportal\/wp-json\/wp\/v2\/types\/post"}],"author":[{"embeddable":true,"href":"https:\/\/www.sudoestehoje.com.br\/novoportal\/wp-json\/wp\/v2\/users\/2"}],"replies":[{"embeddable":true,"href":"https:\/\/www.sudoestehoje.com.br\/novoportal\/wp-json\/wp\/v2\/comments?post=2732"}],"version-history":[{"count":3,"href":"https:\/\/www.sudoestehoje.com.br\/novoportal\/wp-json\/wp\/v2\/posts\/2732\/revisions"}],"predecessor-version":[{"id":2735,"href":"https:\/\/www.sudoestehoje.com.br\/novoportal\/wp-json\/wp\/v2\/posts\/2732\/revisions\/2735"}],"wp:attachment":[{"href":"https:\/\/www.sudoestehoje.com.br\/novoportal\/wp-json\/wp\/v2\/media?parent=2732"}],"wp:term":[{"taxonomy":"category","embeddable":true,"href":"https:\/\/www.sudoestehoje.com.br\/novoportal\/wp-json\/wp\/v2\/categories?post=2732"},{"taxonomy":"post_tag","embeddable":true,"href":"https:\/\/www.sudoestehoje.com.br\/novoportal\/wp-json\/wp\/v2\/tags?post=2732"}],"curies":[{"name":"wp","href":"https:\/\/api.w.org\/{rel}","templated":true}]}}