
{"id":2728,"date":"2010-12-24T09:31:12","date_gmt":"2010-12-24T12:31:12","guid":{"rendered":"http:\/\/www.sudoestehoje.com.br\/novoportal\/?p=2728"},"modified":"2010-12-24T09:31:12","modified_gmt":"2010-12-24T12:31:12","slug":"morre-orestes-quercia-aos-72-anos","status":"publish","type":"post","link":"https:\/\/www.sudoestehoje.com.br\/novoportal\/2010\/12\/24\/morre-orestes-quercia-aos-72-anos\/","title":{"rendered":"MORRE ORESTES QU\u00c9RCIA AOS 72 ANOS"},"content":{"rendered":"<div>\n<p style=\"text-align: center;\"><img loading=\"lazy\" decoding=\"async\" src=\"http:\/\/www.bahianoticias.com.br\/fotos\/editor\/Image\/orestes_quercia.jpg\" alt=\"\" width=\"283\" height=\"320\" \/><\/p>\n<p>\u00a0<\/p>\n<p>S\u00c3O PAULO: Morreu na manh\u00e3 desta sexta-feira (24) o ex-governador de S\u00e3o Paulo Orestes Qu\u00e9rcia, aos 72 anos, informou a assessoria do hospital S\u00edrio Liban\u00eas, onde Qu\u00e9rcia estava internado para tratar de um c\u00e2ncer na pr\u00f3stata. No in\u00edcio de setembro, ele teve diagnosticado um tumor de pr\u00f3stata que havia sido tratado h\u00e1 mais de dez anos. Dias depois, o peemedebista desistiu de sua candidatura ao Senado para tratar a doen\u00e7a. Informa\u00e7\u00f5es do G1.<\/p>\n<\/div>\n","protected":false},"excerpt":{"rendered":"<p>\u00a0 S\u00c3O PAULO: Morreu na manh\u00e3 desta sexta-feira (24) o ex-governador de S\u00e3o Paulo Orestes Qu\u00e9rcia, aos 72 anos, informou a assessoria do hospital S\u00edrio Liban\u00eas, onde Qu\u00e9rcia estava internado para tratar de um c\u00e2ncer na pr\u00f3stata. No in\u00edcio de setembro, ele teve diagnosticado um tumor de pr\u00f3stata que havia sido tratado h\u00e1 mais de [&hellip;]<\/p>\n","protected":false},"author":2,"featured_media":0,"comment_status":"open","ping_status":"open","sticky":false,"template":"","format":"standard","meta":{"footnotes":"","_links_to":"","_links_to_target":""},"categories":[1],"tags":[],"class_list":["post-2728","post","type-post","status-publish","format-standard","hentry","category-geral"],"views":1142,"_links":{"self":[{"href":"https:\/\/www.sudoestehoje.com.br\/novoportal\/wp-json\/wp\/v2\/posts\/2728","targetHints":{"allow":["GET"]}}],"collection":[{"href":"https:\/\/www.sudoestehoje.com.br\/novoportal\/wp-json\/wp\/v2\/posts"}],"about":[{"href":"https:\/\/www.sudoestehoje.com.br\/novoportal\/wp-json\/wp\/v2\/types\/post"}],"author":[{"embeddable":true,"href":"https:\/\/www.sudoestehoje.com.br\/novoportal\/wp-json\/wp\/v2\/users\/2"}],"replies":[{"embeddable":true,"href":"https:\/\/www.sudoestehoje.com.br\/novoportal\/wp-json\/wp\/v2\/comments?post=2728"}],"version-history":[{"count":3,"href":"https:\/\/www.sudoestehoje.com.br\/novoportal\/wp-json\/wp\/v2\/posts\/2728\/revisions"}],"predecessor-version":[{"id":2731,"href":"https:\/\/www.sudoestehoje.com.br\/novoportal\/wp-json\/wp\/v2\/posts\/2728\/revisions\/2731"}],"wp:attachment":[{"href":"https:\/\/www.sudoestehoje.com.br\/novoportal\/wp-json\/wp\/v2\/media?parent=2728"}],"wp:term":[{"taxonomy":"category","embeddable":true,"href":"https:\/\/www.sudoestehoje.com.br\/novoportal\/wp-json\/wp\/v2\/categories?post=2728"},{"taxonomy":"post_tag","embeddable":true,"href":"https:\/\/www.sudoestehoje.com.br\/novoportal\/wp-json\/wp\/v2\/tags?post=2728"}],"curies":[{"name":"wp","href":"https:\/\/api.w.org\/{rel}","templated":true}]}}