
{"id":27171,"date":"2013-06-02T01:08:37","date_gmt":"2013-06-02T04:08:37","guid":{"rendered":"http:\/\/www.sudoestehoje.com.br\/novoportal\/?p=27171"},"modified":"2013-06-02T01:08:37","modified_gmt":"2013-06-02T04:08:37","slug":"prefeitura-de-itarantim-e-contemplada-com-uma-retro-escavadeira","status":"publish","type":"post","link":"https:\/\/www.sudoestehoje.com.br\/novoportal\/2013\/06\/02\/prefeitura-de-itarantim-e-contemplada-com-uma-retro-escavadeira\/","title":{"rendered":"PREFEITURA DE ITARANTIM \u00c9 CONTEMPLADA COM UMA RETRO-ESCAVADEIRA"},"content":{"rendered":"<div><a href=\"http:\/\/www.sudoestehoje.com.br\/novoportal\/wp-content\/uploads\/2013\/06\/P5250139.jpg\"><img loading=\"lazy\" decoding=\"async\" class=\"aligncenter size-full wp-image-27172\" alt=\"P5250139\" src=\"http:\/\/www.sudoestehoje.com.br\/novoportal\/wp-content\/uploads\/2013\/06\/P5250139.jpg\" width=\"400\" height=\"300\" \/><\/a><\/div>\n<div><\/div>\n<div><\/div>\n<div><\/div>\n<div>O munic\u00edpio de Itarantim foi contemplado, pelo Governo Federal, com uma retroescavadeira, para ser utilizada na constru\u00e7\u00e3o de reservat\u00f3rios de \u00e1gua, melhorias nas estradas vicinais e, ainda, para amenizar os efeitos da estiagem que assola a zona rural. A chave da m\u00e1quina foi entregue nesta segunda-feira (27) ao prefeito Dr Paulo pelo Governador Jaques Wagner, durante cerim\u00f4nia realizada\u00a0na cidade de Feira de Santana, no Departamento de Infra-estrutura de Transportes da Bahia \u2013 DERBA. \u00a0Al\u00e9m da retroescavadeira, \u00a0a Prefeitura de Itarantim foi tamb\u00e9m beneficiada com uma Patrol, com o recebimento previsto para junho, e um caminh\u00e3o basculante, tamb\u00e9m com entrega prevista para o segundo semestre.<\/div>\n","protected":false},"excerpt":{"rendered":"<p>O munic\u00edpio de Itarantim foi contemplado, pelo Governo Federal, com uma retroescavadeira, para ser utilizada na constru\u00e7\u00e3o de reservat\u00f3rios de \u00e1gua, melhorias nas estradas vicinais e, ainda, para amenizar os efeitos da estiagem que assola a zona rural. A chave da m\u00e1quina foi entregue nesta segunda-feira (27) ao prefeito Dr Paulo pelo Governador Jaques Wagner, [&hellip;]<\/p>\n","protected":false},"author":2,"featured_media":0,"comment_status":"open","ping_status":"open","sticky":false,"template":"","format":"standard","meta":{"footnotes":"","_links_to":"","_links_to_target":""},"categories":[1],"tags":[],"class_list":["post-27171","post","type-post","status-publish","format-standard","hentry","category-geral"],"views":1473,"_links":{"self":[{"href":"https:\/\/www.sudoestehoje.com.br\/novoportal\/wp-json\/wp\/v2\/posts\/27171","targetHints":{"allow":["GET"]}}],"collection":[{"href":"https:\/\/www.sudoestehoje.com.br\/novoportal\/wp-json\/wp\/v2\/posts"}],"about":[{"href":"https:\/\/www.sudoestehoje.com.br\/novoportal\/wp-json\/wp\/v2\/types\/post"}],"author":[{"embeddable":true,"href":"https:\/\/www.sudoestehoje.com.br\/novoportal\/wp-json\/wp\/v2\/users\/2"}],"replies":[{"embeddable":true,"href":"https:\/\/www.sudoestehoje.com.br\/novoportal\/wp-json\/wp\/v2\/comments?post=27171"}],"version-history":[{"count":2,"href":"https:\/\/www.sudoestehoje.com.br\/novoportal\/wp-json\/wp\/v2\/posts\/27171\/revisions"}],"predecessor-version":[{"id":27174,"href":"https:\/\/www.sudoestehoje.com.br\/novoportal\/wp-json\/wp\/v2\/posts\/27171\/revisions\/27174"}],"wp:attachment":[{"href":"https:\/\/www.sudoestehoje.com.br\/novoportal\/wp-json\/wp\/v2\/media?parent=27171"}],"wp:term":[{"taxonomy":"category","embeddable":true,"href":"https:\/\/www.sudoestehoje.com.br\/novoportal\/wp-json\/wp\/v2\/categories?post=27171"},{"taxonomy":"post_tag","embeddable":true,"href":"https:\/\/www.sudoestehoje.com.br\/novoportal\/wp-json\/wp\/v2\/tags?post=27171"}],"curies":[{"name":"wp","href":"https:\/\/api.w.org\/{rel}","templated":true}]}}