
{"id":27164,"date":"2013-06-02T00:23:40","date_gmt":"2013-06-02T03:23:40","guid":{"rendered":"http:\/\/www.sudoestehoje.com.br\/novoportal\/?p=27164"},"modified":"2013-06-02T00:23:40","modified_gmt":"2013-06-02T03:23:40","slug":"itarantim-prefeito-paulo-fernandes-inicia-recuperacao-de-pracas-e-jardins","status":"publish","type":"post","link":"https:\/\/www.sudoestehoje.com.br\/novoportal\/2013\/06\/02\/itarantim-prefeito-paulo-fernandes-inicia-recuperacao-de-pracas-e-jardins\/","title":{"rendered":"ITARANTIM: PREFEITO PAULO FERNANDES INICIA RECUPERA\u00c7\u00c3O DE PRA\u00c7AS E JARDINS"},"content":{"rendered":"<p><a href=\"http:\/\/www.sudoestehoje.com.br\/novoportal\/wp-content\/uploads\/2013\/06\/q-3.jpg\"><img loading=\"lazy\" decoding=\"async\" class=\"aligncenter size-medium wp-image-27165\" alt=\"q (3)\" src=\"http:\/\/www.sudoestehoje.com.br\/novoportal\/wp-content\/uploads\/2013\/06\/q-3-500x334.jpg\" width=\"500\" height=\"334\" srcset=\"https:\/\/www.sudoestehoje.com.br\/novoportal\/wp-content\/uploads\/2013\/06\/q-3-500x334.jpg 500w, https:\/\/www.sudoestehoje.com.br\/novoportal\/wp-content\/uploads\/2013\/06\/q-3-700x468.jpg 700w, https:\/\/www.sudoestehoje.com.br\/novoportal\/wp-content\/uploads\/2013\/06\/q-3.jpg 1600w\" sizes=\"auto, (max-width: 500px) 100vw, 500px\" \/><\/a><\/p>\n<p>&nbsp;<\/p>\n<p>Uma das maiores reivindica\u00e7\u00f5es da popula\u00e7\u00e3o de Itarantim come\u00e7a a ser plenamente atendida pela Prefeitura, que iniciou as a\u00e7\u00f5es para recupera\u00e7\u00e3o de v\u00e1rias pra\u00e7as p\u00fablicas da cidade.<\/p>\n<p>A primeira pra\u00e7a que est\u00e1 recebendo as frentes de servi\u00e7o \u00e9 a Alameda e a subida da Igreja cat\u00f3lica, que estava com sua estrutura bastante deteriorada.\u00a0Segundo o secret\u00e1rio municipal de obras, a pra\u00e7a ir\u00e1 receber todos os servi\u00e7os de recupera\u00e7\u00e3o e dever\u00e1 ficar totalmente modificada.<\/p>\n<p><a href=\"http:\/\/www.sudoestehoje.com.br\/novoportal\/wp-content\/uploads\/2013\/06\/q-11.jpg\"><img loading=\"lazy\" decoding=\"async\" class=\"aligncenter size-medium wp-image-27166\" alt=\"q (11)\" src=\"http:\/\/www.sudoestehoje.com.br\/novoportal\/wp-content\/uploads\/2013\/06\/q-11-500x330.jpg\" width=\"500\" height=\"330\" srcset=\"https:\/\/www.sudoestehoje.com.br\/novoportal\/wp-content\/uploads\/2013\/06\/q-11-500x330.jpg 500w, https:\/\/www.sudoestehoje.com.br\/novoportal\/wp-content\/uploads\/2013\/06\/q-11-700x463.jpg 700w, https:\/\/www.sudoestehoje.com.br\/novoportal\/wp-content\/uploads\/2013\/06\/q-11.jpg 1600w\" sizes=\"auto, (max-width: 500px) 100vw, 500px\" \/><\/a><\/p>\n<p>Ao ser questionado sobre a lista das pra\u00e7as que receber\u00e3o os servi\u00e7os e se a Pra\u00e7a Luis Viana Filho est\u00e1 inclu\u00edda, o prefeito Paulo Fernandes respondeu: \u201cmas \u00e9 claro, a Pra\u00e7a Luis Viana Filho est\u00e1 na nossa lista e em breve receber\u00e3o os servi\u00e7os de reestrutura\u00e7\u00e3o&#8221;.<\/p>\n<p>O prefeito Paulo Fernandes tem surpreendido a todos pela sua capacidade administrativa, realizando obras importantes desde os primeiros dias do seu governo. Itarantim Agora<\/p>\n","protected":false},"excerpt":{"rendered":"<p>&nbsp; Uma das maiores reivindica\u00e7\u00f5es da popula\u00e7\u00e3o de Itarantim come\u00e7a a ser plenamente atendida pela Prefeitura, que iniciou as a\u00e7\u00f5es para recupera\u00e7\u00e3o de v\u00e1rias pra\u00e7as p\u00fablicas da cidade. A primeira pra\u00e7a que est\u00e1 recebendo as frentes de servi\u00e7o \u00e9 a Alameda e a subida da Igreja cat\u00f3lica, que estava com sua estrutura bastante deteriorada.\u00a0Segundo o [&hellip;]<\/p>\n","protected":false},"author":2,"featured_media":0,"comment_status":"open","ping_status":"open","sticky":false,"template":"","format":"standard","meta":{"footnotes":"","_links_to":"","_links_to_target":""},"categories":[1],"tags":[],"class_list":["post-27164","post","type-post","status-publish","format-standard","hentry","category-geral"],"views":4948,"_links":{"self":[{"href":"https:\/\/www.sudoestehoje.com.br\/novoportal\/wp-json\/wp\/v2\/posts\/27164","targetHints":{"allow":["GET"]}}],"collection":[{"href":"https:\/\/www.sudoestehoje.com.br\/novoportal\/wp-json\/wp\/v2\/posts"}],"about":[{"href":"https:\/\/www.sudoestehoje.com.br\/novoportal\/wp-json\/wp\/v2\/types\/post"}],"author":[{"embeddable":true,"href":"https:\/\/www.sudoestehoje.com.br\/novoportal\/wp-json\/wp\/v2\/users\/2"}],"replies":[{"embeddable":true,"href":"https:\/\/www.sudoestehoje.com.br\/novoportal\/wp-json\/wp\/v2\/comments?post=27164"}],"version-history":[{"count":3,"href":"https:\/\/www.sudoestehoje.com.br\/novoportal\/wp-json\/wp\/v2\/posts\/27164\/revisions"}],"predecessor-version":[{"id":27169,"href":"https:\/\/www.sudoestehoje.com.br\/novoportal\/wp-json\/wp\/v2\/posts\/27164\/revisions\/27169"}],"wp:attachment":[{"href":"https:\/\/www.sudoestehoje.com.br\/novoportal\/wp-json\/wp\/v2\/media?parent=27164"}],"wp:term":[{"taxonomy":"category","embeddable":true,"href":"https:\/\/www.sudoestehoje.com.br\/novoportal\/wp-json\/wp\/v2\/categories?post=27164"},{"taxonomy":"post_tag","embeddable":true,"href":"https:\/\/www.sudoestehoje.com.br\/novoportal\/wp-json\/wp\/v2\/tags?post=27164"}],"curies":[{"name":"wp","href":"https:\/\/api.w.org\/{rel}","templated":true}]}}