
{"id":27084,"date":"2013-05-30T10:35:55","date_gmt":"2013-05-30T13:35:55","guid":{"rendered":"http:\/\/www.sudoestehoje.com.br\/novoportal\/?p=27084"},"modified":"2013-05-30T12:44:35","modified_gmt":"2013-05-30T15:44:35","slug":"itapetinga-blog-localiza-ladrao-que-roubou-o-jacare-da-matinha","status":"publish","type":"post","link":"https:\/\/www.sudoestehoje.com.br\/novoportal\/2013\/05\/30\/itapetinga-blog-localiza-ladrao-que-roubou-o-jacare-da-matinha\/","title":{"rendered":"ITAPETINGA: BLOG LOCALIZA LADR\u00c3O QUE ROUBOU O JACAR\u00c9 DA MATINHA"},"content":{"rendered":"<p><a href=\"http:\/\/www.sudoestehoje.com.br\/novoportal\/wp-content\/uploads\/2013\/05\/jacare-na-moto.jpg\"><img loading=\"lazy\" decoding=\"async\" class=\"aligncenter size-medium wp-image-27085\" alt=\"jacare na moto\" src=\"http:\/\/www.sudoestehoje.com.br\/novoportal\/wp-content\/uploads\/2013\/05\/jacare-na-moto-500x424.jpg\" width=\"500\" height=\"424\" srcset=\"https:\/\/www.sudoestehoje.com.br\/novoportal\/wp-content\/uploads\/2013\/05\/jacare-na-moto-500x424.jpg 500w, https:\/\/www.sudoestehoje.com.br\/novoportal\/wp-content\/uploads\/2013\/05\/jacare-na-moto.jpg 600w\" sizes=\"auto, (max-width: 500px) 100vw, 500px\" \/><\/a><\/p>\n<p>&nbsp;<\/p>\n<p>Um leitor da cidade de Guarapari, no Esp\u00edrito Santo, localizou o suposto ladr\u00e3o do jacar\u00e9 da Matinha, que desapareceu na semana passada, levando consigo o raro esp\u00e9cime do &#8216;papo amarelo&#8217;, e causando enorme indigna\u00e7\u00e3o na sociedade local. O suposto lar\u00e1pio foi fotografado pelo blog Largado em Guarapari, literalmente com a m\u00e3o(?) na massa, fugindo em uma moto.<\/p>\n<p>Com a revela\u00e7\u00e3o desta &#8216;pista&#8217; t\u00e3o importante, o secret\u00e1rio Le\u00f4ncio, que n\u00e3o dorme h\u00e1 uma semana com &#8216;saudades&#8217; do r\u00e9ptil, \u00a0pode agora acionar a pol\u00edcia capixaba e sair no encal\u00e7o do meliante, para recapturar o jacar\u00e9, que ele aprendeu amar, como se fosse um irm\u00e3o. Assim, poder\u00e1 at\u00e9 receber algumas di\u00e1rias da prefeitura, pois a causa \u00e9 justa. \u00c9 s\u00f3 falar com Al\u00e9cio&#8230;<\/p>\n<p>A identidade do ladr\u00e3o ainda n\u00e3o foi revelada&#8230;<\/p>\n","protected":false},"excerpt":{"rendered":"<p>&nbsp; Um leitor da cidade de Guarapari, no Esp\u00edrito Santo, localizou o suposto ladr\u00e3o do jacar\u00e9 da Matinha, que desapareceu na semana passada, levando consigo o raro esp\u00e9cime do &#8216;papo amarelo&#8217;, e causando enorme indigna\u00e7\u00e3o na sociedade local. O suposto lar\u00e1pio foi fotografado pelo blog Largado em Guarapari, literalmente com a m\u00e3o(?) na massa, fugindo [&hellip;]<\/p>\n","protected":false},"author":2,"featured_media":0,"comment_status":"open","ping_status":"open","sticky":false,"template":"","format":"standard","meta":{"footnotes":"","_links_to":"","_links_to_target":""},"categories":[1],"tags":[],"class_list":["post-27084","post","type-post","status-publish","format-standard","hentry","category-geral"],"views":5684,"_links":{"self":[{"href":"https:\/\/www.sudoestehoje.com.br\/novoportal\/wp-json\/wp\/v2\/posts\/27084","targetHints":{"allow":["GET"]}}],"collection":[{"href":"https:\/\/www.sudoestehoje.com.br\/novoportal\/wp-json\/wp\/v2\/posts"}],"about":[{"href":"https:\/\/www.sudoestehoje.com.br\/novoportal\/wp-json\/wp\/v2\/types\/post"}],"author":[{"embeddable":true,"href":"https:\/\/www.sudoestehoje.com.br\/novoportal\/wp-json\/wp\/v2\/users\/2"}],"replies":[{"embeddable":true,"href":"https:\/\/www.sudoestehoje.com.br\/novoportal\/wp-json\/wp\/v2\/comments?post=27084"}],"version-history":[{"count":3,"href":"https:\/\/www.sudoestehoje.com.br\/novoportal\/wp-json\/wp\/v2\/posts\/27084\/revisions"}],"predecessor-version":[{"id":27087,"href":"https:\/\/www.sudoestehoje.com.br\/novoportal\/wp-json\/wp\/v2\/posts\/27084\/revisions\/27087"}],"wp:attachment":[{"href":"https:\/\/www.sudoestehoje.com.br\/novoportal\/wp-json\/wp\/v2\/media?parent=27084"}],"wp:term":[{"taxonomy":"category","embeddable":true,"href":"https:\/\/www.sudoestehoje.com.br\/novoportal\/wp-json\/wp\/v2\/categories?post=27084"},{"taxonomy":"post_tag","embeddable":true,"href":"https:\/\/www.sudoestehoje.com.br\/novoportal\/wp-json\/wp\/v2\/tags?post=27084"}],"curies":[{"name":"wp","href":"https:\/\/api.w.org\/{rel}","templated":true}]}}