
{"id":2705,"date":"2010-12-22T00:06:59","date_gmt":"2010-12-22T03:06:59","guid":{"rendered":"http:\/\/www.sudoestehoje.com.br\/novoportal\/?p=2705"},"modified":"2010-12-22T00:06:59","modified_gmt":"2010-12-22T03:06:59","slug":"fogo-na-oi-aumenta-e-ameaca-predios-vizinhos","status":"publish","type":"post","link":"https:\/\/www.sudoestehoje.com.br\/novoportal\/2010\/12\/22\/fogo-na-oi-aumenta-e-ameaca-predios-vizinhos\/","title":{"rendered":"FOGO NA OI AUMENTA E AMEA\u00c7A PR\u00c9DIOS VIZINHOS"},"content":{"rendered":"<p style=\"text-align: center;\"><em>Foto: Saulo Pires \/ Twitter<br \/>\n<\/em><strong><img loading=\"lazy\" decoding=\"async\" class=\"aligncenter\" src=\"http:\/\/www.bahianoticias.com.br\/fotos\/editor\/Image\/fogo_na_oi_itaigara_saulo_pires.jpg\" alt=\"\" width=\"350\" height=\"233\" \/><br \/>\n<em>Chamas aumentam e tomam conta de todo o edif\u00edcio<\/em><\/strong><\/p>\n<p>\u00a0<\/p>\n<p>SALVADOR: At\u00e9 as 15h desta ter\u00e7a-feira (21) o fogo que atinge o pr\u00e9dio da central telef\u00f4nica da Oi, no bairro do Itaigara, em Salvador, parecia controlado, e o Corpo de Bombeiros, no in\u00edcio da noite, chegou a anunciar que j\u00e1 se iniciara o processo de rescaldo do inc\u00eandio \u2013 procedimento tomado quando o fogo j\u00e1 est\u00e1 sob controle. Entretanto, por volta das 19h, as chamas voltaram \u201ca todo vapor\u201d, e pr\u00e9dios vizinhos j\u00e1 come\u00e7am a ser amea\u00e7ados. \u00c9 o caso do Centro Empresarial Joventino Silva, que fica ao lado da central telef\u00f4nica. Segundo a internauta Izabel Silva, que junto com outros usu\u00e1rios do microblog Twitter v\u00eam postando fotos do inc\u00eandio, em tempo real, os bombeiros tentam evitar que o fogo chegue ao edif\u00edcio, para impedir um preju\u00edzo ainda maior. O internauta Saulo Pires tamb\u00e9m postou fotos que mostram que a situa\u00e7\u00e3o se agravou. &#8220;A coisa t\u00e1 feia. O fogo aumenta e parte do teto cai\u201d, tuitou. Em nota, a operadora informa que ainda n\u00e3o h\u00e1 prazo para o restabelecimento dos servi\u00e7os interrompidos pelo inc\u00eandio, que come\u00e7ou no in\u00edcio da manh\u00e3. Al\u00e9m da Bahia, o fogo na Oi tamb\u00e9m tem causado transtornos em cidades de Alagoas, Pernambuco, Piau\u00ed, Maranh\u00e3o e Sergipe. Encontram-se prejudicados os servi\u00e7os de telefonia fixa, m\u00f3vel e de transmiss\u00e3o de dados. A causa do inc\u00eandio est\u00e1 sendo investigada. BN<\/p>\n","protected":false},"excerpt":{"rendered":"<p>Foto: Saulo Pires \/ Twitter Chamas aumentam e tomam conta de todo o edif\u00edcio \u00a0 SALVADOR: At\u00e9 as 15h desta ter\u00e7a-feira (21) o fogo que atinge o pr\u00e9dio da central telef\u00f4nica da Oi, no bairro do Itaigara, em Salvador, parecia controlado, e o Corpo de Bombeiros, no in\u00edcio da noite, chegou a anunciar que j\u00e1 [&hellip;]<\/p>\n","protected":false},"author":2,"featured_media":0,"comment_status":"open","ping_status":"open","sticky":false,"template":"","format":"standard","meta":{"footnotes":"","_links_to":"","_links_to_target":""},"categories":[1],"tags":[],"class_list":["post-2705","post","type-post","status-publish","format-standard","hentry","category-geral"],"views":1093,"_links":{"self":[{"href":"https:\/\/www.sudoestehoje.com.br\/novoportal\/wp-json\/wp\/v2\/posts\/2705","targetHints":{"allow":["GET"]}}],"collection":[{"href":"https:\/\/www.sudoestehoje.com.br\/novoportal\/wp-json\/wp\/v2\/posts"}],"about":[{"href":"https:\/\/www.sudoestehoje.com.br\/novoportal\/wp-json\/wp\/v2\/types\/post"}],"author":[{"embeddable":true,"href":"https:\/\/www.sudoestehoje.com.br\/novoportal\/wp-json\/wp\/v2\/users\/2"}],"replies":[{"embeddable":true,"href":"https:\/\/www.sudoestehoje.com.br\/novoportal\/wp-json\/wp\/v2\/comments?post=2705"}],"version-history":[{"count":2,"href":"https:\/\/www.sudoestehoje.com.br\/novoportal\/wp-json\/wp\/v2\/posts\/2705\/revisions"}],"predecessor-version":[{"id":2707,"href":"https:\/\/www.sudoestehoje.com.br\/novoportal\/wp-json\/wp\/v2\/posts\/2705\/revisions\/2707"}],"wp:attachment":[{"href":"https:\/\/www.sudoestehoje.com.br\/novoportal\/wp-json\/wp\/v2\/media?parent=2705"}],"wp:term":[{"taxonomy":"category","embeddable":true,"href":"https:\/\/www.sudoestehoje.com.br\/novoportal\/wp-json\/wp\/v2\/categories?post=2705"},{"taxonomy":"post_tag","embeddable":true,"href":"https:\/\/www.sudoestehoje.com.br\/novoportal\/wp-json\/wp\/v2\/tags?post=2705"}],"curies":[{"name":"wp","href":"https:\/\/api.w.org\/{rel}","templated":true}]}}