
{"id":27033,"date":"2013-05-28T18:32:52","date_gmt":"2013-05-28T21:32:52","guid":{"rendered":"http:\/\/www.sudoestehoje.com.br\/novoportal\/?p=27033"},"modified":"2013-05-28T18:34:21","modified_gmt":"2013-05-28T21:34:21","slug":"alfredo-cabral-questiona-construcao-da-barragem-no-rio-catole","status":"publish","type":"post","link":"https:\/\/www.sudoestehoje.com.br\/novoportal\/2013\/05\/28\/alfredo-cabral-questiona-construcao-da-barragem-no-rio-catole\/","title":{"rendered":"ALFREDO CABRAL QUESTIONA CONSTRU\u00c7\u00c3O DA BARRAGEM NO RIO CATOL\u00c9"},"content":{"rendered":"<p style=\"text-align: center;\"><a href=\"http:\/\/www.sudoestehoje.com.br\/novoportal\/wp-content\/uploads\/2013\/05\/ALFREDO-C.png\"><img decoding=\"async\" class=\"aligncenter  wp-image-27034\" alt=\"ALFREDO C\" src=\"http:\/\/www.sudoestehoje.com.br\/novoportal\/wp-content\/uploads\/2013\/05\/ALFREDO-C.png\" width=\"450\" \/><\/a><\/p>\n<p>&nbsp;<\/p>\n<p>Atrav\u00e9s da sua p\u00e1gina no Facebook, o vereador Alfredo Cabral (PSD) manifestou a sua posi\u00e7\u00e3o contr\u00e1ria \u00e0 constru\u00e7\u00e3o da barragem \u00a0no rio Catol\u00e9, anunciada pelo Governo do Estado, para abastecer a vizinha cidade de Vit\u00f3ria da Conquista. Confira o texto da pr\u00f3pria lavra do vereador:<\/p>\n<p>\u201cEm Vit\u00f3ria da Conquista, n\u00e3o houve planejamento para o crescimento do munic\u00edpio, os governantes n\u00e3o projetaram a quest\u00e3o do abastecimento de \u00e1gua e s\u00f3 nesse momento, com o surgimento dos problemas \u00e9 que encontraram uma solu\u00e7\u00e3o imediata e barata, atrav\u00e9s da constru\u00e7\u00e3o de uma barragem no Rio Catol\u00e9. \u00c9 sabido que o abastecimento em Vit\u00f3ria da Conquista \u00e9 feito atrav\u00e9s da EMBASA, enquanto em Itapetinga \u00e9 realizada pelo SAAE, dessa forma a EMBASA n\u00e3o tem nenhuma preocupa\u00e7\u00e3o com o Munic\u00edpio de Itapetinga.<\/p>\n<p>Na primeira reuni\u00e3o que a EMBASA promoveu no nosso munic\u00edpio no final do m\u00eas de dezembro de 2012, manifestei que era contr\u00e1rio, uma vez que os dados t\u00e9cnicos apresentados n\u00e3o eram suficientes para transmitir tranquilidade futura para o abastecimento de \u00e1gua em Itapetinga.<\/p>\n<p>Nessa seara de falta de planejamento, Itapetinga encontra-se inserida, visto que, n\u00e3o conhecemos qualquer projeto que trate da amplia\u00e7\u00e3o da capacidade de abastecimento de \u00e1gua pelo SAAE, e atualmente j\u00e1 existe uma grande defasagem dessa capacidade, considerando o crescimento da nossa popula\u00e7\u00e3o.<\/p>\n<p>O SAAE n\u00e3o efetuou nenhum trabalho t\u00e9cnico suficiente para tranquilizar a popula\u00e7\u00e3o de Itapetinga, ou se manifestou contr\u00e1rio pela constru\u00e7\u00e3o da barragem no Rio Catol\u00e9 em Barra do Cho\u00e7a. Ainda que a Barragem venha \u00a0a se tornar real, faz-se necess\u00e1rio, e de forma imediata, a constru\u00e7\u00e3o de outra barragem, como alternativa para abastecer Itapetinga.<\/p>\n<p>Temos ci\u00eancia da exist\u00eancia de um Convenio entre o Governo Federal e a Prefeitura de Vit\u00f3ria da Conquista, \u00a0no valor de R$: 3.347.920,47, para estudos de avalia\u00e7\u00e3o para constru\u00e7\u00e3o de uma barragem \u00a0no Rio Pardo, para abastecer Vit\u00f3ria da Conquista e mais 48 (quarenta e oito) munic\u00edpios do Sudoeste, ou seja, uma solu\u00e7\u00e3o definitiva, ao passo que foi dito que a barragem no Rio Catol\u00e9 atenderia apenas por um per\u00edodo de 20 (vinte) anos.<\/p>\n<p>\u00c9 importante considerarmos que a cada ano diminui a vaz\u00e3o do Rio Catol\u00e9, por falta de preserva\u00e7\u00e3o. Por isto solicitei que fosse realizada uma sess\u00e3o especial na C\u00e2mara de Vereadores, e estou aguardando a defini\u00e7\u00e3o da data para uma discuss\u00e3o com bastante abrang\u00eancia\u201d.<\/p>\n<p><strong><em>Vereador Alfredo Cabral de Assis<\/em><\/strong><\/p>\n","protected":false},"excerpt":{"rendered":"<p>&nbsp; Atrav\u00e9s da sua p\u00e1gina no Facebook, o vereador Alfredo Cabral (PSD) manifestou a sua posi\u00e7\u00e3o contr\u00e1ria \u00e0 constru\u00e7\u00e3o da barragem \u00a0no rio Catol\u00e9, anunciada pelo Governo do Estado, para abastecer a vizinha cidade de Vit\u00f3ria da Conquista. Confira o texto da pr\u00f3pria lavra do vereador: \u201cEm Vit\u00f3ria da Conquista, n\u00e3o houve planejamento para o [&hellip;]<\/p>\n","protected":false},"author":2,"featured_media":0,"comment_status":"open","ping_status":"open","sticky":false,"template":"","format":"standard","meta":{"footnotes":"","_links_to":"","_links_to_target":""},"categories":[1],"tags":[],"class_list":["post-27033","post","type-post","status-publish","format-standard","hentry","category-geral"],"views":1393,"_links":{"self":[{"href":"https:\/\/www.sudoestehoje.com.br\/novoportal\/wp-json\/wp\/v2\/posts\/27033","targetHints":{"allow":["GET"]}}],"collection":[{"href":"https:\/\/www.sudoestehoje.com.br\/novoportal\/wp-json\/wp\/v2\/posts"}],"about":[{"href":"https:\/\/www.sudoestehoje.com.br\/novoportal\/wp-json\/wp\/v2\/types\/post"}],"author":[{"embeddable":true,"href":"https:\/\/www.sudoestehoje.com.br\/novoportal\/wp-json\/wp\/v2\/users\/2"}],"replies":[{"embeddable":true,"href":"https:\/\/www.sudoestehoje.com.br\/novoportal\/wp-json\/wp\/v2\/comments?post=27033"}],"version-history":[{"count":3,"href":"https:\/\/www.sudoestehoje.com.br\/novoportal\/wp-json\/wp\/v2\/posts\/27033\/revisions"}],"predecessor-version":[{"id":27036,"href":"https:\/\/www.sudoestehoje.com.br\/novoportal\/wp-json\/wp\/v2\/posts\/27033\/revisions\/27036"}],"wp:attachment":[{"href":"https:\/\/www.sudoestehoje.com.br\/novoportal\/wp-json\/wp\/v2\/media?parent=27033"}],"wp:term":[{"taxonomy":"category","embeddable":true,"href":"https:\/\/www.sudoestehoje.com.br\/novoportal\/wp-json\/wp\/v2\/categories?post=27033"},{"taxonomy":"post_tag","embeddable":true,"href":"https:\/\/www.sudoestehoje.com.br\/novoportal\/wp-json\/wp\/v2\/tags?post=27033"}],"curies":[{"name":"wp","href":"https:\/\/api.w.org\/{rel}","templated":true}]}}