
{"id":27028,"date":"2013-05-28T01:29:00","date_gmt":"2013-05-28T04:29:00","guid":{"rendered":"http:\/\/www.sudoestehoje.com.br\/novoportal\/?p=27028"},"modified":"2013-05-28T01:34:04","modified_gmt":"2013-05-28T04:34:04","slug":"ajeitaram-a-vida-de-alecio","status":"publish","type":"post","link":"https:\/\/www.sudoestehoje.com.br\/novoportal\/2013\/05\/28\/ajeitaram-a-vida-de-alecio\/","title":{"rendered":"AJEITARAM A VIDA DE AL\u00c9CIO"},"content":{"rendered":"<p style=\"text-align: center;\"><a href=\"http:\/\/www.sudoestehoje.com.br\/novoportal\/wp-content\/uploads\/2013\/05\/JOS\u00c9-CARLOS-MOURA-E-AL\u00c9CIO.jpg\"><img decoding=\"async\" class=\"aligncenter  wp-image-27029\" alt=\"JOS\u00c9 CARLOS MOURA E AL\u00c9CIO\" src=\"http:\/\/www.sudoestehoje.com.br\/novoportal\/wp-content\/uploads\/2013\/05\/JOS\u00c9-CARLOS-MOURA-E-AL\u00c9CIO.jpg\" width=\"500\" \/><\/a><\/p>\n<p>&nbsp;<\/p>\n<p>ITAPETINGA: Depois do &#8216;chega-pra-l\u00e1&#8217; que Z\u00e9 Carlos deu no seu vice Al\u00e9cio Chaves, fritando e demitindo, sem a menor cerim\u00f4nia, a Secretaria Municipal de Educa\u00e7\u00e3o, Eliene Chaves, parece que as coisas come\u00e7am a se ajeitar de novo entre prefeito e vice, com a interfer\u00eancia de petistas e at\u00e9 de pastores evang\u00e9licos, preocupados com os &#8216;preju\u00edzos&#8217; que o rompimento poderia causar \u00e0 classe crist\u00e3.<\/p>\n<p>Para afagar o ego do escanteado vice, Z\u00e9 Carlos inventou f\u00e9rias fora de \u00e9poca, por 15 dias, passando o cargo para Al\u00e9cio, que vai sentar oficialmente na cadeira de prefeito, enquanto o chefe descansa em paz em Salvador, cumprindo a sua dur\u00edssima agenda de lazer. Desconfiado que \u00e9, Z\u00e9 Carlos passa o cargo ao vice, mas deixa a sua tropa de choque de olhos bem abertos, caso o seu Al\u00e9cio resolva sair do &#8216;script&#8217; e repetir alguma bobagem, do tipo, nomear parentes, locar ve\u00edculos, etc &#8230;<\/p>\n<p>No resto, fica o dito pelo n\u00e3o dito, e n\u00e3o se fala mais nisso. Mas como diz a velha can\u00e7\u00e3o, &#8220;nada do que foi ser\u00e1, de novo, do jeito que j\u00e1 foi um dia&#8230;&#8221;.<\/p>\n<p><strong><em>Por Davi Ferraz\u00a0<\/em><\/strong><\/p>\n","protected":false},"excerpt":{"rendered":"<p>&nbsp; ITAPETINGA: Depois do &#8216;chega-pra-l\u00e1&#8217; que Z\u00e9 Carlos deu no seu vice Al\u00e9cio Chaves, fritando e demitindo, sem a menor cerim\u00f4nia, a Secretaria Municipal de Educa\u00e7\u00e3o, Eliene Chaves, parece que as coisas come\u00e7am a se ajeitar de novo entre prefeito e vice, com a interfer\u00eancia de petistas e at\u00e9 de pastores evang\u00e9licos, preocupados com os [&hellip;]<\/p>\n","protected":false},"author":2,"featured_media":0,"comment_status":"open","ping_status":"open","sticky":false,"template":"","format":"standard","meta":{"footnotes":"","_links_to":"","_links_to_target":""},"categories":[1],"tags":[],"class_list":["post-27028","post","type-post","status-publish","format-standard","hentry","category-geral"],"views":1869,"_links":{"self":[{"href":"https:\/\/www.sudoestehoje.com.br\/novoportal\/wp-json\/wp\/v2\/posts\/27028","targetHints":{"allow":["GET"]}}],"collection":[{"href":"https:\/\/www.sudoestehoje.com.br\/novoportal\/wp-json\/wp\/v2\/posts"}],"about":[{"href":"https:\/\/www.sudoestehoje.com.br\/novoportal\/wp-json\/wp\/v2\/types\/post"}],"author":[{"embeddable":true,"href":"https:\/\/www.sudoestehoje.com.br\/novoportal\/wp-json\/wp\/v2\/users\/2"}],"replies":[{"embeddable":true,"href":"https:\/\/www.sudoestehoje.com.br\/novoportal\/wp-json\/wp\/v2\/comments?post=27028"}],"version-history":[{"count":3,"href":"https:\/\/www.sudoestehoje.com.br\/novoportal\/wp-json\/wp\/v2\/posts\/27028\/revisions"}],"predecessor-version":[{"id":27031,"href":"https:\/\/www.sudoestehoje.com.br\/novoportal\/wp-json\/wp\/v2\/posts\/27028\/revisions\/27031"}],"wp:attachment":[{"href":"https:\/\/www.sudoestehoje.com.br\/novoportal\/wp-json\/wp\/v2\/media?parent=27028"}],"wp:term":[{"taxonomy":"category","embeddable":true,"href":"https:\/\/www.sudoestehoje.com.br\/novoportal\/wp-json\/wp\/v2\/categories?post=27028"},{"taxonomy":"post_tag","embeddable":true,"href":"https:\/\/www.sudoestehoje.com.br\/novoportal\/wp-json\/wp\/v2\/tags?post=27028"}],"curies":[{"name":"wp","href":"https:\/\/api.w.org\/{rel}","templated":true}]}}