
{"id":27,"date":"2009-05-25T15:28:11","date_gmt":"2009-05-25T15:28:11","guid":{"rendered":"http:\/\/sudoestehoje.tempsite.ws\/novoportal\/?p=27"},"modified":"2010-09-18T00:19:08","modified_gmt":"2010-09-18T00:19:08","slug":"terceiro-mandato-de-lula-e-arriscado-diz-presidente-do-tse","status":"publish","type":"post","link":"https:\/\/www.sudoestehoje.com.br\/novoportal\/2009\/05\/25\/terceiro-mandato-de-lula-e-arriscado-diz-presidente-do-tse\/","title":{"rendered":"Terceiro mandato de Lula \u00e9 arriscado, diz presidente do TSE"},"content":{"rendered":"<p style=\"text-align: center;\"><img decoding=\"async\" class=\"aligncenter\" src=\"http:\/\/acertodecontas.blog.br\/wp-content\/uploads\/2008\/04\/lula-terceiro-mandato-thumb1.png\" border=\"0\" alt=\"\" \/><br \/>\nA  ideia de terceiro mandato \u00e9 um risco para o Brasil, pois &#8220;fragiliza&#8221; o  sistema republicano e &#8220;reaproxima&#8221; o pa\u00eds da monarquia. \u00c9 como pensa o  presidente do TSE (Tribunal Superior Eleitoral), ministro Carlos Ayres  Britto.<\/p>\n<p>Em entrevista \u00e0 Folha ele, que tamb\u00e9m \u00e9 ministro do Supremo  Tribunal Federal, afirmou: &#8220;A rep\u00fablica postula a temporalidade e a  possibilidade de altern\u00e2ncia de poder. Quanto mais se prorroga o  mandato, mais o pa\u00eds se distancia da rep\u00fablica e se reaproxima da  monarquia&#8221;.<br \/>\nN\u00e3o \u00e9 assim, no entanto, que pensa o deputado federal  Jackson Barreto (PMDB-SE), que pretende apresentar at\u00e9 a pr\u00f3xima  sexta-feira a proposta de emenda constitucional que prev\u00ea um referendo  sobre a possibilidade de o presidente Luiz In\u00e1cio Lula da Silva  concorrer a um novo mandato.<\/p>\n","protected":false},"excerpt":{"rendered":"<p>A ideia de terceiro mandato \u00e9 um risco para o Brasil, pois &#8220;fragiliza&#8221; o sistema republicano e &#8220;reaproxima&#8221; o pa\u00eds da monarquia. \u00c9 como pensa o presidente do TSE (Tribunal Superior Eleitoral), ministro Carlos Ayres Britto. Em entrevista \u00e0 Folha ele, que tamb\u00e9m \u00e9 ministro do Supremo Tribunal Federal, afirmou: &#8220;A rep\u00fablica postula a temporalidade [&hellip;]<\/p>\n","protected":false},"author":1,"featured_media":0,"comment_status":"open","ping_status":"open","sticky":false,"template":"","format":"standard","meta":{"footnotes":"","_links_to":"","_links_to_target":""},"categories":[4],"tags":[],"class_list":["post-27","post","type-post","status-publish","format-standard","hentry","category-politica"],"views":1535,"_links":{"self":[{"href":"https:\/\/www.sudoestehoje.com.br\/novoportal\/wp-json\/wp\/v2\/posts\/27","targetHints":{"allow":["GET"]}}],"collection":[{"href":"https:\/\/www.sudoestehoje.com.br\/novoportal\/wp-json\/wp\/v2\/posts"}],"about":[{"href":"https:\/\/www.sudoestehoje.com.br\/novoportal\/wp-json\/wp\/v2\/types\/post"}],"author":[{"embeddable":true,"href":"https:\/\/www.sudoestehoje.com.br\/novoportal\/wp-json\/wp\/v2\/users\/1"}],"replies":[{"embeddable":true,"href":"https:\/\/www.sudoestehoje.com.br\/novoportal\/wp-json\/wp\/v2\/comments?post=27"}],"version-history":[{"count":6,"href":"https:\/\/www.sudoestehoje.com.br\/novoportal\/wp-json\/wp\/v2\/posts\/27\/revisions"}],"predecessor-version":[{"id":33,"href":"https:\/\/www.sudoestehoje.com.br\/novoportal\/wp-json\/wp\/v2\/posts\/27\/revisions\/33"}],"wp:attachment":[{"href":"https:\/\/www.sudoestehoje.com.br\/novoportal\/wp-json\/wp\/v2\/media?parent=27"}],"wp:term":[{"taxonomy":"category","embeddable":true,"href":"https:\/\/www.sudoestehoje.com.br\/novoportal\/wp-json\/wp\/v2\/categories?post=27"},{"taxonomy":"post_tag","embeddable":true,"href":"https:\/\/www.sudoestehoje.com.br\/novoportal\/wp-json\/wp\/v2\/tags?post=27"}],"curies":[{"name":"wp","href":"https:\/\/api.w.org\/{rel}","templated":true}]}}