
{"id":26990,"date":"2013-05-26T01:16:24","date_gmt":"2013-05-26T04:16:24","guid":{"rendered":"http:\/\/www.sudoestehoje.com.br\/novoportal\/?p=26990"},"modified":"2013-05-26T01:16:24","modified_gmt":"2013-05-26T04:16:24","slug":"vereador-vanderlan-recupera-estradas-do-distrito-de-sao-jose-do-colonia","status":"publish","type":"post","link":"https:\/\/www.sudoestehoje.com.br\/novoportal\/2013\/05\/26\/vereador-vanderlan-recupera-estradas-do-distrito-de-sao-jose-do-colonia\/","title":{"rendered":"VEREADOR VANDERLAN RECUPERA ESTRADAS DO DISTRITO DE S\u00c3O JOS\u00c9 DO COL\u00d4NIA"},"content":{"rendered":"<p style=\"text-align: center;\"><a href=\"http:\/\/www.sudoestehoje.com.br\/novoportal\/wp-content\/uploads\/2013\/05\/S\u00c3O-JOS\u00c9-1.jpg\"><img decoding=\"async\" class=\"aligncenter  wp-image-26991\" alt=\"S\u00c3O JOS\u00c9 (1)\" src=\"http:\/\/www.sudoestehoje.com.br\/novoportal\/wp-content\/uploads\/2013\/05\/S\u00c3O-JOS\u00c9-1-448x500.jpg\" width=\"450\" srcset=\"https:\/\/www.sudoestehoje.com.br\/novoportal\/wp-content\/uploads\/2013\/05\/S\u00c3O-JOS\u00c9-1-448x500.jpg 448w, https:\/\/www.sudoestehoje.com.br\/novoportal\/wp-content\/uploads\/2013\/05\/S\u00c3O-JOS\u00c9-1-627x700.jpg 627w, https:\/\/www.sudoestehoje.com.br\/novoportal\/wp-content\/uploads\/2013\/05\/S\u00c3O-JOS\u00c9-1.jpg 726w\" sizes=\"(max-width: 448px) 100vw, 448px\" \/><\/a><\/p>\n<p>&nbsp;<\/p>\n<p>S\u00c3O JOS\u00c9 DO COL\u00d4NIA\/CAATIBA: Depois de quase 20 anos abandonadas, as estradas que ligam Itoror\u00f3 \u00e0 S\u00e3o Jos\u00e9 do Col\u00f4nia (Distrito de Caatiba), se estendendo at\u00e9 a fazenda Talism\u00e3, est\u00e3o sendo recuperadas por iniciativa do vereador Vanderlan, que est\u00e1 cumprindo suas promessas de campanha rigorosamente no p\u00e9 da obra. Vanderlan \u00e9 um desses homens essenciais para comunidades carentes como \u00e0s de S\u00e3o Jos\u00e9 do Col\u00f4nia, homem simples e servidor padr\u00e3o.<\/p>\n<p>O trecho conclu\u00eddo por Vanderlan contou com v\u00e1rios trabalhadores cedidos pelo prefeito de Caatiba,J\u00fanior Mendes, que foi efetivo com Patrol, equipamentos e m\u00e3o de obra, para atender a solicita\u00e7\u00e3o do vereador.\u00a0<i id=\"yui_3_7_2_1_1369540958604_3553\">\u201c Esta a\u00e7\u00e3o vai melhorar e muito a vida de nossos \u00a0pequenos produtores rurais, fazendo com que ele escoe sua produ\u00e7\u00e3o at\u00e9 Itoror\u00f3 e outras cidades, com mais facilidade.\u201d <\/i>disse Vanderlan.<\/p>\n<p>Gozando de prest\u00edgio no munic\u00edpio, o nosso ilustre edil faz uma dobradinha muito boa com o prefeito, em prol do humilde distrito.<\/p>\n<p id=\"yui_3_7_2_1_1369540958604_3556\">Milton Marinho<\/p>\n","protected":false},"excerpt":{"rendered":"<p>&nbsp; S\u00c3O JOS\u00c9 DO COL\u00d4NIA\/CAATIBA: Depois de quase 20 anos abandonadas, as estradas que ligam Itoror\u00f3 \u00e0 S\u00e3o Jos\u00e9 do Col\u00f4nia (Distrito de Caatiba), se estendendo at\u00e9 a fazenda Talism\u00e3, est\u00e3o sendo recuperadas por iniciativa do vereador Vanderlan, que est\u00e1 cumprindo suas promessas de campanha rigorosamente no p\u00e9 da obra. Vanderlan \u00e9 um desses homens [&hellip;]<\/p>\n","protected":false},"author":2,"featured_media":0,"comment_status":"open","ping_status":"open","sticky":false,"template":"","format":"standard","meta":{"footnotes":"","_links_to":"","_links_to_target":""},"categories":[1],"tags":[],"class_list":["post-26990","post","type-post","status-publish","format-standard","hentry","category-geral"],"views":1191,"_links":{"self":[{"href":"https:\/\/www.sudoestehoje.com.br\/novoportal\/wp-json\/wp\/v2\/posts\/26990","targetHints":{"allow":["GET"]}}],"collection":[{"href":"https:\/\/www.sudoestehoje.com.br\/novoportal\/wp-json\/wp\/v2\/posts"}],"about":[{"href":"https:\/\/www.sudoestehoje.com.br\/novoportal\/wp-json\/wp\/v2\/types\/post"}],"author":[{"embeddable":true,"href":"https:\/\/www.sudoestehoje.com.br\/novoportal\/wp-json\/wp\/v2\/users\/2"}],"replies":[{"embeddable":true,"href":"https:\/\/www.sudoestehoje.com.br\/novoportal\/wp-json\/wp\/v2\/comments?post=26990"}],"version-history":[{"count":2,"href":"https:\/\/www.sudoestehoje.com.br\/novoportal\/wp-json\/wp\/v2\/posts\/26990\/revisions"}],"predecessor-version":[{"id":26993,"href":"https:\/\/www.sudoestehoje.com.br\/novoportal\/wp-json\/wp\/v2\/posts\/26990\/revisions\/26993"}],"wp:attachment":[{"href":"https:\/\/www.sudoestehoje.com.br\/novoportal\/wp-json\/wp\/v2\/media?parent=26990"}],"wp:term":[{"taxonomy":"category","embeddable":true,"href":"https:\/\/www.sudoestehoje.com.br\/novoportal\/wp-json\/wp\/v2\/categories?post=26990"},{"taxonomy":"post_tag","embeddable":true,"href":"https:\/\/www.sudoestehoje.com.br\/novoportal\/wp-json\/wp\/v2\/tags?post=26990"}],"curies":[{"name":"wp","href":"https:\/\/api.w.org\/{rel}","templated":true}]}}