
{"id":269,"date":"2010-08-25T11:08:01","date_gmt":"2010-08-25T14:08:01","guid":{"rendered":"http:\/\/sudoestehoje.tempsite.ws\/novoportal\/?p=269"},"modified":"2010-09-18T14:13:10","modified_gmt":"2010-09-18T17:13:10","slug":"perfil-do-candidato-heraldo-rocha-dem","status":"publish","type":"post","link":"https:\/\/www.sudoestehoje.com.br\/novoportal\/2010\/08\/25\/perfil-do-candidato-heraldo-rocha-dem\/","title":{"rendered":"PERFIL DO CANDIDATO: HERALDO ROCHA (DEM)"},"content":{"rendered":"<div>\n<div style=\"text-align: center;\"><img decoding=\"async\" src=\"http:\/\/www.conquistanews.com.br\/cnews\/wp-content\/uploads\/2010\/03\/heraldo.jpg\" border=\"0\" alt=\"\" \/><\/div>\n<div>\n<div style=\"text-align: center;\"><\/div>\n<\/div>\n<div style=\"text-align: center;\">HERALDO ROCHA (DEM) \u00c9 CANDIDATO A DEPUTADO ESTADUAL<\/div>\n<p>O  pediatra Heraldo Eduardo Rocha nasceu em Itaperuna (RJ) em 25 de  fevereiro de 1942. \u00c9 vi\u00favo e pai de quatro filhos.Heraldo Rocha cursou o  prim\u00e1rio no Col\u00e9gio Bittencourt em sua cidade natal. Fez parte do  secund\u00e1rio no Gin\u00e1sio S\u00e3o Paulo, em Muria\u00e9 (MG) e no Col\u00e9gio Salesiano,  em Niter\u00f3i (RJ). Formou-se em Medicina pela Universidade Federal da  Bahia (UFBA) em 1968, especializando-se em Pediatria no Hospital Get\u00falio  Vargas (HGV) no bairro do Canela, em Salvador (BA).<\/p>\n<p>A  vida p\u00fablica do deputado estadual Heraldo Rocha &#8211; que cumpre o quinto  mandato consecutivo na Assembleia Legislativa da Bahia, come\u00e7ou quando  atuava como m\u00e9dico. Na d\u00e9cada de 60,\u00a0come\u00e7ou a trabalhar na Legi\u00e3o  Brasileira de Assist\u00eancia (a extinta LBA), ocupando v\u00e1rios cargos nas  \u00e1reas m\u00e9dica e administrativa, como auxiliar acad\u00eamico, coordenador de  execu\u00e7\u00e3o da Divis\u00e3o de Medicina, chefe da Divis\u00e3o de Nutri\u00e7\u00e3o  Materno-Infantil e, por \u00faltimo, o de Superintendente Estadual da LBA  (entre 1985-1990).<\/p>\n<p>Em 1990,  desligou-se, voluntariamente do Governo Federal para disputar uma vaga  no Poder Legislativo baiano pelo Partido da Frente Liberal (PFL) &#8211;  primeiro e \u00fanico partido a que se filiou,\u00a0sendo eleito deputado estadual  para o per\u00edodo de 1991-1995. Desde ent\u00e3o, Heraldo Rocha tem sido  reconduzido ao cargo sucessivamente com o voto do eleitorado baiano.<\/p>\n<p>Heraldo  exerceu os cargos de Secret\u00e1rio do Trabalho e A\u00e7\u00e3o Social entre 1995 e  1998, e\u00a0da Justi\u00e7a e Direitos Humanos, de\u00a0fevereiro de 2001 a mar\u00e7o de  2002.\u00a0Exerce, atualmente, o seu quinto mandato como  Deputado\u00a0Estadual,\u00a0tendo se destacado como um dos mais atuante  da\u00a0Assemb\u00e9ia Legislativa, onde \u00e9 o L\u00edder da Oposi\u00e7\u00e3o.<\/p>\n<p><span style=\"text-decoration: underline;\">COMENT\u00c1RIO DO SITE<\/span><\/p>\n<p>Heraldo  Rocha \u00e9 um dos deputados estaduais\u00a0mais atuantes da Bahia, tendo se  destacado, no atual mandato, pelas suas posi\u00e7\u00f5es firmes como L\u00edder da  Oposi\u00e7\u00e3o. Em Itapetinga teve atua\u00e7\u00e3o\u00a0importante, defendendo os  interesses do munic\u00edpio durante os governos de Paulo Souto e C\u00e9sar  Borges, per\u00edodo em que foi instalada a fabrica da Azal\u00e9ia na regi\u00e3o.<\/p>\n<p><span style=\"text-decoration: underline;\">PALPITE DO BLOGUEIRO<\/span><\/p>\n<p>Heraldo  pode at\u00e9 repetir a\u00a0vota\u00e7\u00e3o da \u00faltima elei\u00e7\u00e3o (pouco mais de 4.000  votos), mas para isto ser\u00e1\u00a0necess\u00e1rio que as lideran\u00e7as locais do DEM,  sob o comando do Dr. Jos\u00e9 Ot\u00e1vio Curvelo, intensifiquem a campanha.  Heraldo deve obter cerca de 3.500 votos\u00a0em Itapetinga.<\/p>\n<\/div>\n","protected":false},"excerpt":{"rendered":"<p>HERALDO ROCHA (DEM) \u00c9 CANDIDATO A DEPUTADO ESTADUAL O pediatra Heraldo Eduardo Rocha nasceu em Itaperuna (RJ) em 25 de fevereiro de 1942. \u00c9 vi\u00favo e pai de quatro filhos.Heraldo Rocha cursou o prim\u00e1rio no Col\u00e9gio Bittencourt em sua cidade natal. Fez parte do secund\u00e1rio no Gin\u00e1sio S\u00e3o Paulo, em Muria\u00e9 (MG) e no Col\u00e9gio [&hellip;]<\/p>\n","protected":false},"author":1,"featured_media":0,"comment_status":"open","ping_status":"open","sticky":false,"template":"","format":"standard","meta":{"footnotes":"","_links_to":"","_links_to_target":""},"categories":[1],"tags":[],"class_list":["post-269","post","type-post","status-publish","format-standard","hentry","category-geral"],"views":1483,"_links":{"self":[{"href":"https:\/\/www.sudoestehoje.com.br\/novoportal\/wp-json\/wp\/v2\/posts\/269","targetHints":{"allow":["GET"]}}],"collection":[{"href":"https:\/\/www.sudoestehoje.com.br\/novoportal\/wp-json\/wp\/v2\/posts"}],"about":[{"href":"https:\/\/www.sudoestehoje.com.br\/novoportal\/wp-json\/wp\/v2\/types\/post"}],"author":[{"embeddable":true,"href":"https:\/\/www.sudoestehoje.com.br\/novoportal\/wp-json\/wp\/v2\/users\/1"}],"replies":[{"embeddable":true,"href":"https:\/\/www.sudoestehoje.com.br\/novoportal\/wp-json\/wp\/v2\/comments?post=269"}],"version-history":[{"count":2,"href":"https:\/\/www.sudoestehoje.com.br\/novoportal\/wp-json\/wp\/v2\/posts\/269\/revisions"}],"predecessor-version":[{"id":271,"href":"https:\/\/www.sudoestehoje.com.br\/novoportal\/wp-json\/wp\/v2\/posts\/269\/revisions\/271"}],"wp:attachment":[{"href":"https:\/\/www.sudoestehoje.com.br\/novoportal\/wp-json\/wp\/v2\/media?parent=269"}],"wp:term":[{"taxonomy":"category","embeddable":true,"href":"https:\/\/www.sudoestehoje.com.br\/novoportal\/wp-json\/wp\/v2\/categories?post=269"},{"taxonomy":"post_tag","embeddable":true,"href":"https:\/\/www.sudoestehoje.com.br\/novoportal\/wp-json\/wp\/v2\/tags?post=269"}],"curies":[{"name":"wp","href":"https:\/\/api.w.org\/{rel}","templated":true}]}}