
{"id":26837,"date":"2013-05-21T12:38:35","date_gmt":"2013-05-21T15:38:35","guid":{"rendered":"http:\/\/www.sudoestehoje.com.br\/novoportal\/?p=26837"},"modified":"2013-05-21T12:39:07","modified_gmt":"2013-05-21T15:39:07","slug":"o-desabafo-de-ze-carlos","status":"publish","type":"post","link":"https:\/\/www.sudoestehoje.com.br\/novoportal\/2013\/05\/21\/o-desabafo-de-ze-carlos\/","title":{"rendered":"O &#8220;DESABAFO&#8221; DE Z\u00c9 CARLOS"},"content":{"rendered":"<p><a href=\"http:\/\/www.sudoestehoje.com.br\/novoportal\/wp-content\/uploads\/2013\/05\/ZZZE.jpg\"><img decoding=\"async\" class=\" wp-image-26838 alignleft\" alt=\"ZZZE\" src=\"http:\/\/www.sudoestehoje.com.br\/novoportal\/wp-content\/uploads\/2013\/05\/ZZZE-336x500.jpg\" width=\"200\" srcset=\"https:\/\/www.sudoestehoje.com.br\/novoportal\/wp-content\/uploads\/2013\/05\/ZZZE-336x500.jpg 336w, https:\/\/www.sudoestehoje.com.br\/novoportal\/wp-content\/uploads\/2013\/05\/ZZZE.jpg 400w\" sizes=\"(max-width: 336px) 100vw, 336px\" \/><\/a>Para muita gente a fala do prefeito Jos\u00e9 Carlos Moura (PT),\u00a0<strong><a href=\"http:\/\/www.blogdoanderson.com\/2013\/05\/15\/itapetinga-aberta-a-43a-exposicao-agropecuaria\/\" target=\"_blank\">na abertura da 43\u00aa Exposi\u00e7\u00e3o Agropecu\u00e1ria de Itapetinga<\/a><\/strong>, na \u00faltima semana, foi desastrosa. Ele fez uma cr\u00edtica ao antigo presidente do Sindicato Rural que subiu no palanque da oposi\u00e7\u00e3o nas \u00faltimas elei\u00e7\u00f5es municipais. De acordo com o alcaide a sua manifesta\u00e7\u00e3o n\u00e3o foi rep\u00fadio, mas sim um desabafo.<\/p>\n<p><em>\u201dS\u00f3 foi uma cr\u00edtica de quem ajudou a recuperar a exposi\u00e7\u00e3o. No caso a nossa administra\u00e7\u00e3o 2010, 2011, 2012. N\u00f3s chegamos a estar com 60 homens, com m\u00e1quinas trabalhando, porque a exposi\u00e7\u00e3o tinha praticamente se extinguindo de Itapetinga. N\u00f3s ajudamos a ressuscitar, ent\u00e3o, como parceiro. Quem n\u00e3o gosta de ser reconhecido, pelo trabalho que a gente faz? Voc\u00ea gosta, eu tamb\u00e9m gosto e foi uma amaneira de fazer minha cr\u00edtica naquela de ser reconhecido e n\u00e3o subir ao palanque algumas pessoas, sendo assim \u00e9 confundir pol\u00edtica partid\u00e1ria com pol\u00edtica sindical. Ent\u00e3o eu sempre defendi a tese de pol\u00edtica sindical uma e pol\u00edtica partid\u00e1ria outra. Ent\u00e3o, subir ao palanque e me criticar? N\u00e3o \u00e9 por a\u00ed o caminho, foi uma maneira de desabafar um pouco minhas m\u00e1goas. Raiva eu n\u00e3o tenho de ningu\u00e9m\u201d,<\/em>\u00a0disparou. Blog do Anderson<\/p>\n","protected":false},"excerpt":{"rendered":"<p>Para muita gente a fala do prefeito Jos\u00e9 Carlos Moura (PT),\u00a0na abertura da 43\u00aa Exposi\u00e7\u00e3o Agropecu\u00e1ria de Itapetinga, na \u00faltima semana, foi desastrosa. Ele fez uma cr\u00edtica ao antigo presidente do Sindicato Rural que subiu no palanque da oposi\u00e7\u00e3o nas \u00faltimas elei\u00e7\u00f5es municipais. De acordo com o alcaide a sua manifesta\u00e7\u00e3o n\u00e3o foi rep\u00fadio, mas [&hellip;]<\/p>\n","protected":false},"author":2,"featured_media":0,"comment_status":"open","ping_status":"open","sticky":false,"template":"","format":"standard","meta":{"footnotes":"","_links_to":"","_links_to_target":""},"categories":[1],"tags":[],"class_list":["post-26837","post","type-post","status-publish","format-standard","hentry","category-geral"],"views":1308,"_links":{"self":[{"href":"https:\/\/www.sudoestehoje.com.br\/novoportal\/wp-json\/wp\/v2\/posts\/26837","targetHints":{"allow":["GET"]}}],"collection":[{"href":"https:\/\/www.sudoestehoje.com.br\/novoportal\/wp-json\/wp\/v2\/posts"}],"about":[{"href":"https:\/\/www.sudoestehoje.com.br\/novoportal\/wp-json\/wp\/v2\/types\/post"}],"author":[{"embeddable":true,"href":"https:\/\/www.sudoestehoje.com.br\/novoportal\/wp-json\/wp\/v2\/users\/2"}],"replies":[{"embeddable":true,"href":"https:\/\/www.sudoestehoje.com.br\/novoportal\/wp-json\/wp\/v2\/comments?post=26837"}],"version-history":[{"count":4,"href":"https:\/\/www.sudoestehoje.com.br\/novoportal\/wp-json\/wp\/v2\/posts\/26837\/revisions"}],"predecessor-version":[{"id":26842,"href":"https:\/\/www.sudoestehoje.com.br\/novoportal\/wp-json\/wp\/v2\/posts\/26837\/revisions\/26842"}],"wp:attachment":[{"href":"https:\/\/www.sudoestehoje.com.br\/novoportal\/wp-json\/wp\/v2\/media?parent=26837"}],"wp:term":[{"taxonomy":"category","embeddable":true,"href":"https:\/\/www.sudoestehoje.com.br\/novoportal\/wp-json\/wp\/v2\/categories?post=26837"},{"taxonomy":"post_tag","embeddable":true,"href":"https:\/\/www.sudoestehoje.com.br\/novoportal\/wp-json\/wp\/v2\/tags?post=26837"}],"curies":[{"name":"wp","href":"https:\/\/api.w.org\/{rel}","templated":true}]}}