
{"id":26810,"date":"2013-05-19T13:44:35","date_gmt":"2013-05-19T16:44:35","guid":{"rendered":"http:\/\/www.sudoestehoje.com.br\/novoportal\/?p=26810"},"modified":"2013-05-19T13:44:35","modified_gmt":"2013-05-19T16:44:35","slug":"itororo-edineu-oliveira-recebe-alta-e-ja-se-recupera-em-casa","status":"publish","type":"post","link":"https:\/\/www.sudoestehoje.com.br\/novoportal\/2013\/05\/19\/itororo-edineu-oliveira-recebe-alta-e-ja-se-recupera-em-casa\/","title":{"rendered":"ITOROR\u00d3: EDINEU OLIVEIRA RECEBE ALTA E J\u00c1 SE RECUPERA EM CASA"},"content":{"rendered":"<p><a href=\"http:\/\/www.sudoestehoje.com.br\/novoportal\/wp-content\/uploads\/2013\/05\/EDINEU-O.png\"><img decoding=\"async\" class=\" wp-image-26811 alignleft\" alt=\"EDINEU O\" src=\"http:\/\/www.sudoestehoje.com.br\/novoportal\/wp-content\/uploads\/2013\/05\/EDINEU-O.png\" width=\"160\" \/><\/a>Depois de ficar cinco dias internado na UTI do Hospital Santa Isabel, em Salvador, o ex-prefeito de Itoror\u00f3 Edineu Oliveira \u00a0j\u00e1 se recupera em casa ao lado da fam\u00edlia. Edineu havia sofrido\u00a0um derrame peric\u00e1rdico em sua resid\u00eancia, sendo encaminhado para o Hospital Cristo Redentor em Itapetinga e posteriormente removido para Salvador.<\/p>\n<p>Na quarta-feira, 15, Edineu saiu da UTI e continuou internado at\u00e9 a manh\u00e3 deste s\u00e1bado, quando recebeu alta hospitalar e retornou para casa. \u00a0Segundo \u00a0a sua filha Lieska Oliveira, vice-prefeita de Itoror\u00f3, m\u00e9dicos especialistas continuar\u00e3o acompanhando o ex-prefeito, at\u00e9 a sua total recupera\u00e7\u00e3o.<\/p>\n<p>Edineu foi recebido em Itoror\u00f3 com muita alegria e at\u00e9 fogos, por seus correligion\u00e1rios.\u00a0Blog Itoror\u00f3 J\u00e1<\/p>\n","protected":false},"excerpt":{"rendered":"<p>Depois de ficar cinco dias internado na UTI do Hospital Santa Isabel, em Salvador, o ex-prefeito de Itoror\u00f3 Edineu Oliveira \u00a0j\u00e1 se recupera em casa ao lado da fam\u00edlia. Edineu havia sofrido\u00a0um derrame peric\u00e1rdico em sua resid\u00eancia, sendo encaminhado para o Hospital Cristo Redentor em Itapetinga e posteriormente removido para Salvador. Na quarta-feira, 15, Edineu [&hellip;]<\/p>\n","protected":false},"author":2,"featured_media":0,"comment_status":"open","ping_status":"open","sticky":false,"template":"","format":"standard","meta":{"footnotes":"","_links_to":"","_links_to_target":""},"categories":[1],"tags":[],"class_list":["post-26810","post","type-post","status-publish","format-standard","hentry","category-geral"],"views":2088,"_links":{"self":[{"href":"https:\/\/www.sudoestehoje.com.br\/novoportal\/wp-json\/wp\/v2\/posts\/26810","targetHints":{"allow":["GET"]}}],"collection":[{"href":"https:\/\/www.sudoestehoje.com.br\/novoportal\/wp-json\/wp\/v2\/posts"}],"about":[{"href":"https:\/\/www.sudoestehoje.com.br\/novoportal\/wp-json\/wp\/v2\/types\/post"}],"author":[{"embeddable":true,"href":"https:\/\/www.sudoestehoje.com.br\/novoportal\/wp-json\/wp\/v2\/users\/2"}],"replies":[{"embeddable":true,"href":"https:\/\/www.sudoestehoje.com.br\/novoportal\/wp-json\/wp\/v2\/comments?post=26810"}],"version-history":[{"count":3,"href":"https:\/\/www.sudoestehoje.com.br\/novoportal\/wp-json\/wp\/v2\/posts\/26810\/revisions"}],"predecessor-version":[{"id":26814,"href":"https:\/\/www.sudoestehoje.com.br\/novoportal\/wp-json\/wp\/v2\/posts\/26810\/revisions\/26814"}],"wp:attachment":[{"href":"https:\/\/www.sudoestehoje.com.br\/novoportal\/wp-json\/wp\/v2\/media?parent=26810"}],"wp:term":[{"taxonomy":"category","embeddable":true,"href":"https:\/\/www.sudoestehoje.com.br\/novoportal\/wp-json\/wp\/v2\/categories?post=26810"},{"taxonomy":"post_tag","embeddable":true,"href":"https:\/\/www.sudoestehoje.com.br\/novoportal\/wp-json\/wp\/v2\/tags?post=26810"}],"curies":[{"name":"wp","href":"https:\/\/api.w.org\/{rel}","templated":true}]}}