
{"id":2675,"date":"2010-12-19T19:33:50","date_gmt":"2010-12-19T22:33:50","guid":{"rendered":"http:\/\/www.sudoestehoje.com.br\/novoportal\/?p=2675"},"modified":"2010-12-19T20:36:57","modified_gmt":"2010-12-19T23:36:57","slug":"trajeto-original-da-ferrovia-oeste-leste-incluia-conquista-e-itapetinga","status":"publish","type":"post","link":"https:\/\/www.sudoestehoje.com.br\/novoportal\/2010\/12\/19\/trajeto-original-da-ferrovia-oeste-leste-incluia-conquista-e-itapetinga\/","title":{"rendered":"TRAJETO ORIGINAL DA FERROVIA OESTE-LESTE INCLUIA CONQUISTA E ITAPETINGA"},"content":{"rendered":"<p style=\"text-align: center;\"><img loading=\"lazy\" decoding=\"async\" class=\"aligncenter\" title=\"MAPA FERRV\" src=\"http:\/\/www.blogdaresenhageral.com.br\/v1\/wp-content\/uploads\/MAPA-FERRV2.jpg\" alt=\"\" width=\"448\" height=\"330\" \/><\/p>\n<p style=\"text-align: center;\"><strong>No mapa\u00a0original projetado pela Valec\u00a0SA,\u00a0Itapetinga estava incluida<\/strong><\/p>\n<p>\u00a0<\/p>\n<p>REGI\u00c3O SUDOESTE: O trajeto original do importante ferrovia Oeste-Leste, que vai do Tocantins at\u00e9 o novo porto que ser\u00e1 construido em Ilh\u00e9us,\u00a0Vit\u00f3ria da Conquista e Itapetinga estavam incluidas, como pode ser observado neste mapa que integrava o projeto original. Por absoluta falta de representatividade pol\u00edtica, omiss\u00e3o ou falta de interesse, as autoridades pol\u00edticas da regi\u00e3o &#8216;comeram mosca&#8217; permitindo que o tra\u00e7ado fosse modificado e as duas importantes cidades do Sudoeste fossem excluidas do roteiro da ferrovia.<\/p>\n<p>Em Conquista, o movimento Conquista Pode Voar Mais Alto luta para reincluir a cidade no trajeto da ferrovia, o que beneficiaria Itapetinga. Como a obra j\u00e1 foi licitada e o presidente Lula j\u00e1 assinou a \u00f3rdem de servi\u00e7o para a sua execu\u00e7\u00e3o, acho dif\u00edcil que haja alguma modifica\u00e7\u00e3o no atual projeto.<\/p>\n<p>Ser\u00e1 que o prefeito de Itapetinga e sua &#8220;atuante&#8221; equipe sabiam deste &#8216;pequeno detalhe&#8217; quando foram a Ilh\u00e9us, de \u00f4nibus fretado, assistir de longe o presidente Lula assinar a \u00f3rdem de servi\u00e7o da ferrovia? Duvido!<\/p>\n<p>Davi Ferraz<\/p>\n<p>Com Informa\u00e7\u00f5es do Blog da Resenha Geral<\/p>\n","protected":false},"excerpt":{"rendered":"<p>No mapa\u00a0original projetado pela Valec\u00a0SA,\u00a0Itapetinga estava incluida \u00a0 REGI\u00c3O SUDOESTE: O trajeto original do importante ferrovia Oeste-Leste, que vai do Tocantins at\u00e9 o novo porto que ser\u00e1 construido em Ilh\u00e9us,\u00a0Vit\u00f3ria da Conquista e Itapetinga estavam incluidas, como pode ser observado neste mapa que integrava o projeto original. Por absoluta falta de representatividade pol\u00edtica, omiss\u00e3o ou [&hellip;]<\/p>\n","protected":false},"author":2,"featured_media":0,"comment_status":"open","ping_status":"open","sticky":false,"template":"","format":"standard","meta":{"footnotes":"","_links_to":"","_links_to_target":""},"categories":[1],"tags":[],"class_list":["post-2675","post","type-post","status-publish","format-standard","hentry","category-geral"],"views":1432,"_links":{"self":[{"href":"https:\/\/www.sudoestehoje.com.br\/novoportal\/wp-json\/wp\/v2\/posts\/2675","targetHints":{"allow":["GET"]}}],"collection":[{"href":"https:\/\/www.sudoestehoje.com.br\/novoportal\/wp-json\/wp\/v2\/posts"}],"about":[{"href":"https:\/\/www.sudoestehoje.com.br\/novoportal\/wp-json\/wp\/v2\/types\/post"}],"author":[{"embeddable":true,"href":"https:\/\/www.sudoestehoje.com.br\/novoportal\/wp-json\/wp\/v2\/users\/2"}],"replies":[{"embeddable":true,"href":"https:\/\/www.sudoestehoje.com.br\/novoportal\/wp-json\/wp\/v2\/comments?post=2675"}],"version-history":[{"count":5,"href":"https:\/\/www.sudoestehoje.com.br\/novoportal\/wp-json\/wp\/v2\/posts\/2675\/revisions"}],"predecessor-version":[{"id":2678,"href":"https:\/\/www.sudoestehoje.com.br\/novoportal\/wp-json\/wp\/v2\/posts\/2675\/revisions\/2678"}],"wp:attachment":[{"href":"https:\/\/www.sudoestehoje.com.br\/novoportal\/wp-json\/wp\/v2\/media?parent=2675"}],"wp:term":[{"taxonomy":"category","embeddable":true,"href":"https:\/\/www.sudoestehoje.com.br\/novoportal\/wp-json\/wp\/v2\/categories?post=2675"},{"taxonomy":"post_tag","embeddable":true,"href":"https:\/\/www.sudoestehoje.com.br\/novoportal\/wp-json\/wp\/v2\/tags?post=2675"}],"curies":[{"name":"wp","href":"https:\/\/api.w.org\/{rel}","templated":true}]}}