
{"id":267,"date":"2010-08-25T18:19:46","date_gmt":"2010-08-25T21:19:46","guid":{"rendered":"http:\/\/sudoestehoje.tempsite.ws\/novoportal\/?p=267"},"modified":"2010-09-18T14:11:38","modified_gmt":"2010-09-18T17:11:38","slug":"aviao-derrapa-ao-pousar-em-conquista","status":"publish","type":"post","link":"https:\/\/www.sudoestehoje.com.br\/novoportal\/2010\/08\/25\/aviao-derrapa-ao-pousar-em-conquista\/","title":{"rendered":"AVI\u00c3O DERRAPA AO POUSAR EM CONQUISTA"},"content":{"rendered":"<div>\n<div>\n<div id=\"attachment_22035\"><a rel=\"lightbox[22034]\" href=\"http:\/\/www.blogdoanderson.com\/v2\/wp-content\/uploads\/2010\/08\/untitled.bmp\"><\/p>\n<div style=\"text-align: center;\"><img loading=\"lazy\" decoding=\"async\" title=\"untitled\" src=\"http:\/\/www.blogdoanderson.com\/v2\/wp-content\/uploads\/2010\/08\/untitled.bmp\" border=\"0\" alt=\"\" width=\"420\" height=\"252\" \/><\/div>\n<p><\/a><\/div>\n<\/div>\n<p>VIT\u00d3RIA  DA CONQUISTA: Um avi\u00e3o da Passaredo, (prefixo PTB-2231), com capacidade  para 50 pessoas, derrapou duas vezes na pista quando tentava pousar no  aeroporto Pedro Ot\u00e1cilio de Figueiredo, em Vit\u00f3ria da Conquistapor volta  das 14h40 desta quarta-feira\u00a0 (25). Duas pessoas tiveram escoria\u00e7\u00f5es  leves e foram socorridas por uma equipe do Servi\u00e7o de Atendimento M\u00f3vel  de Urg\u00eancia (Samu). De acordo com as primeiras informa\u00e7\u00f5es, o trem de  pouso do jato ERJ, da Embraer, n\u00e3o abriu for\u00e7ando a aterrissagem de  barriga. Com o impacto no ch\u00e3o, uma das turbinas chegou a pegar fogo,  mas foi debelado pelo Corpo de Bombeiros. Por conta do acidente, a pista  est\u00e1 interditada.A aeronave levava\u00a027 pessoas, em sua maioria idosos, e  ningu\u00e9m ficou ferido. Tr\u00eas viaturas do Samu foram enviadas ao local  para prestar os primeiros atendimentos. A Pol\u00edcia Militar tamb\u00e9m foi  acionada.\u00a0 De acordo com a aposentada Railda G\u00f3es, de 66 anos, o susto  foi grande, j\u00e1 que as pessoas gritavam que o avi\u00e3o estava pegando fogo. A  idosa estava vindo de S\u00e3o Paulo com destino a Vit\u00f3ria da Conquista em  companhia de sua filha, Viviane G\u00f3es. As informa\u00e7\u00f5es s\u00e3o do A TARDE.<\/p>\n<\/div>\n","protected":false},"excerpt":{"rendered":"<p>VIT\u00d3RIA DA CONQUISTA: Um avi\u00e3o da Passaredo, (prefixo PTB-2231), com capacidade para 50 pessoas, derrapou duas vezes na pista quando tentava pousar no aeroporto Pedro Ot\u00e1cilio de Figueiredo, em Vit\u00f3ria da Conquistapor volta das 14h40 desta quarta-feira\u00a0 (25). Duas pessoas tiveram escoria\u00e7\u00f5es leves e foram socorridas por uma equipe do Servi\u00e7o de Atendimento M\u00f3vel de [&hellip;]<\/p>\n","protected":false},"author":1,"featured_media":0,"comment_status":"open","ping_status":"open","sticky":false,"template":"","format":"standard","meta":{"footnotes":"","_links_to":"","_links_to_target":""},"categories":[1],"tags":[],"class_list":["post-267","post","type-post","status-publish","format-standard","hentry","category-geral"],"views":1323,"_links":{"self":[{"href":"https:\/\/www.sudoestehoje.com.br\/novoportal\/wp-json\/wp\/v2\/posts\/267","targetHints":{"allow":["GET"]}}],"collection":[{"href":"https:\/\/www.sudoestehoje.com.br\/novoportal\/wp-json\/wp\/v2\/posts"}],"about":[{"href":"https:\/\/www.sudoestehoje.com.br\/novoportal\/wp-json\/wp\/v2\/types\/post"}],"author":[{"embeddable":true,"href":"https:\/\/www.sudoestehoje.com.br\/novoportal\/wp-json\/wp\/v2\/users\/1"}],"replies":[{"embeddable":true,"href":"https:\/\/www.sudoestehoje.com.br\/novoportal\/wp-json\/wp\/v2\/comments?post=267"}],"version-history":[{"count":1,"href":"https:\/\/www.sudoestehoje.com.br\/novoportal\/wp-json\/wp\/v2\/posts\/267\/revisions"}],"predecessor-version":[{"id":268,"href":"https:\/\/www.sudoestehoje.com.br\/novoportal\/wp-json\/wp\/v2\/posts\/267\/revisions\/268"}],"wp:attachment":[{"href":"https:\/\/www.sudoestehoje.com.br\/novoportal\/wp-json\/wp\/v2\/media?parent=267"}],"wp:term":[{"taxonomy":"category","embeddable":true,"href":"https:\/\/www.sudoestehoje.com.br\/novoportal\/wp-json\/wp\/v2\/categories?post=267"},{"taxonomy":"post_tag","embeddable":true,"href":"https:\/\/www.sudoestehoje.com.br\/novoportal\/wp-json\/wp\/v2\/tags?post=267"}],"curies":[{"name":"wp","href":"https:\/\/api.w.org\/{rel}","templated":true}]}}