
{"id":26587,"date":"2013-05-12T13:50:33","date_gmt":"2013-05-12T16:50:33","guid":{"rendered":"http:\/\/www.sudoestehoje.com.br\/novoportal\/?p=26587"},"modified":"2013-05-12T13:50:33","modified_gmt":"2013-05-12T16:50:33","slug":"as-chances-de-rosemberg","status":"publish","type":"post","link":"https:\/\/www.sudoestehoje.com.br\/novoportal\/2013\/05\/12\/as-chances-de-rosemberg\/","title":{"rendered":"AS &#8220;CHANCES&#8221; DE ROSEMBERG"},"content":{"rendered":"<p style=\"text-align: center;\"><a href=\"http:\/\/www.sudoestehoje.com.br\/novoportal\/wp-content\/uploads\/2013\/05\/rosemberg-e-marcelo-nilo.jpg\"><img decoding=\"async\" class=\"aligncenter  wp-image-26588\" alt=\"rosemberg-e-marcelo-nilo\" src=\"http:\/\/www.sudoestehoje.com.br\/novoportal\/wp-content\/uploads\/2013\/05\/rosemberg-e-marcelo-nilo.jpg\" width=\"150\" \/><\/a><\/p>\n<p>Momento hil\u00e1rio na manh\u00e3 deste s\u00e1bado, 11, durante a inaugura\u00e7\u00e3o da usina de beneficiamento de leite em Coaraci.\u00a0Diante do governador Jaques Wagner, o presidente da Assembleia Legislativa, Marcelo Nilo (PDT), fez uma provoca\u00e7\u00e3o a Rosemberg Pinto (PT), que tentou disputar o comando da AL na \u00faltima renova\u00e7\u00e3o da mesa diretora.\u00a0Nilo, presidente desde 2007, cutucou Rosemberg:\u00a0&#8211; Voc\u00ea deveria parar de disputar comigo e apoiar minha candidatura ao Governo do Estado. A\u00ed eu lhe apoio para a presid\u00eancia da Assembleia.\u00a0Gargalhada geral, Nilo arrematou:\u00a0&#8211; Hoje, Rosemberg, a chance de voc\u00ea ser presidente da Assembleia \u00e9 a mesma que eu tenho de ser governador. <em>Pimenta<\/em><\/p>\n<p>&nbsp;<\/p>\n","protected":false},"excerpt":{"rendered":"<p>Momento hil\u00e1rio na manh\u00e3 deste s\u00e1bado, 11, durante a inaugura\u00e7\u00e3o da usina de beneficiamento de leite em Coaraci.\u00a0Diante do governador Jaques Wagner, o presidente da Assembleia Legislativa, Marcelo Nilo (PDT), fez uma provoca\u00e7\u00e3o a Rosemberg Pinto (PT), que tentou disputar o comando da AL na \u00faltima renova\u00e7\u00e3o da mesa diretora.\u00a0Nilo, presidente desde 2007, cutucou Rosemberg:\u00a0&#8211; [&hellip;]<\/p>\n","protected":false},"author":2,"featured_media":0,"comment_status":"open","ping_status":"open","sticky":false,"template":"","format":"standard","meta":{"footnotes":"","_links_to":"","_links_to_target":""},"categories":[11],"tags":[],"class_list":["post-26587","post","type-post","status-publish","format-standard","hentry","category-quentinhas"],"views":1484,"_links":{"self":[{"href":"https:\/\/www.sudoestehoje.com.br\/novoportal\/wp-json\/wp\/v2\/posts\/26587","targetHints":{"allow":["GET"]}}],"collection":[{"href":"https:\/\/www.sudoestehoje.com.br\/novoportal\/wp-json\/wp\/v2\/posts"}],"about":[{"href":"https:\/\/www.sudoestehoje.com.br\/novoportal\/wp-json\/wp\/v2\/types\/post"}],"author":[{"embeddable":true,"href":"https:\/\/www.sudoestehoje.com.br\/novoportal\/wp-json\/wp\/v2\/users\/2"}],"replies":[{"embeddable":true,"href":"https:\/\/www.sudoestehoje.com.br\/novoportal\/wp-json\/wp\/v2\/comments?post=26587"}],"version-history":[{"count":2,"href":"https:\/\/www.sudoestehoje.com.br\/novoportal\/wp-json\/wp\/v2\/posts\/26587\/revisions"}],"predecessor-version":[{"id":26590,"href":"https:\/\/www.sudoestehoje.com.br\/novoportal\/wp-json\/wp\/v2\/posts\/26587\/revisions\/26590"}],"wp:attachment":[{"href":"https:\/\/www.sudoestehoje.com.br\/novoportal\/wp-json\/wp\/v2\/media?parent=26587"}],"wp:term":[{"taxonomy":"category","embeddable":true,"href":"https:\/\/www.sudoestehoje.com.br\/novoportal\/wp-json\/wp\/v2\/categories?post=26587"},{"taxonomy":"post_tag","embeddable":true,"href":"https:\/\/www.sudoestehoje.com.br\/novoportal\/wp-json\/wp\/v2\/tags?post=26587"}],"curies":[{"name":"wp","href":"https:\/\/api.w.org\/{rel}","templated":true}]}}