
{"id":2652,"date":"2010-12-18T18:13:19","date_gmt":"2010-12-18T21:13:19","guid":{"rendered":"http:\/\/www.sudoestehoje.com.br\/novoportal\/?p=2652"},"modified":"2010-12-18T18:18:18","modified_gmt":"2010-12-18T21:18:18","slug":"os-sem-motorista","status":"publish","type":"post","link":"https:\/\/www.sudoestehoje.com.br\/novoportal\/2010\/12\/18\/os-sem-motorista\/","title":{"rendered":"OS &#8216;SEM MOTORISTA&#8217;"},"content":{"rendered":"<p style=\"text-align: center;\"><a href=\"http:\/\/www.google.com.br\/imgres?imgurl=http:\/\/www.cabecadecuia.com\/imagem\/materias\/chevrolet-s10-flex_834c137f2e55d31e8b5bc57a2a4dc826.jpg&amp;imgrefurl=http:\/\/www.cabecadecuia.com\/noticia.php%3Fid%3D44704&amp;usg=__-TadNEvmnrlXQMfb3M0eH65idww=&amp;h=300&amp;w=450&amp;sz=24&amp;hl=pt-br&amp;start=16&amp;sig2=5leenbV-dX0zDtOliAqbEA&amp;zoom=1&amp;um=1&amp;itbs=1&amp;tbnid=yTNzevYq2gmXaM:&amp;tbnh=85&amp;tbnw=127&amp;prev=\/images%3Fq%3DS-10%2BGM%26um%3D1%26hl%3Dpt-br%26sa%3DN%26rlz%3D1R2ADBS_pt-BRBR354%26tbs%3Disch:1&amp;ei=hSMNTY2QK4K78gay__nNDQ\"><img loading=\"lazy\" decoding=\"async\" class=\"aligncenter\" src=\"http:\/\/t3.gstatic.com\/images?q=tbn:yTNzevYq2gmXaM:\" alt=\"\" width=\"127\" height=\"85\" \/><\/a><\/p>\n<p>O presidente da Associa\u00e7\u00e3o de Moradores das Vilas reclamou no programa &#8220;Na Boca do Povo&#8221;, hoje pela manh\u00e3, que o prefeito lhe negou um motorista para dirigir um ve\u00edculo rec\u00e9m adquirido, a duras custas, pela associa\u00e7\u00e3o. \u00a0Segundo Dimas, o prefeito teria argumentado que a cess\u00e3o de funcion\u00e1rio para associa\u00e7\u00f5es de bairros \u00e9 ilegal, o que n\u00e3o \u00e9 verdadeiro, desde que a entidade seja reconhecida como de &#8216;utilidade p\u00fablica&#8217; e mantenha com o munic\u00edpio um conv\u00eanio de coopera\u00e7\u00e3o t\u00e9cnica para cess\u00e3o de pessoal. Na hora, entrei no ar, via telefone, e lancei uma pergunta \u00e0\u00a0assessoria jur\u00eddica do prefeito, indagando\u00a0se a lei permite que o chefe do executivo use motorista pago pelo munic\u00edpio para dirigir o seu ve\u00edculo particular. Algu\u00e9m vai me responder esta? S\u00f3 esta&#8230;<\/p>\n","protected":false},"excerpt":{"rendered":"<p>O presidente da Associa\u00e7\u00e3o de Moradores das Vilas reclamou no programa &#8220;Na Boca do Povo&#8221;, hoje pela manh\u00e3, que o prefeito lhe negou um motorista para dirigir um ve\u00edculo rec\u00e9m adquirido, a duras custas, pela associa\u00e7\u00e3o. \u00a0Segundo Dimas, o prefeito teria argumentado que a cess\u00e3o de funcion\u00e1rio para associa\u00e7\u00f5es de bairros \u00e9 ilegal, o que [&hellip;]<\/p>\n","protected":false},"author":2,"featured_media":0,"comment_status":"open","ping_status":"open","sticky":false,"template":"","format":"standard","meta":{"footnotes":"","_links_to":"","_links_to_target":""},"categories":[11],"tags":[],"class_list":["post-2652","post","type-post","status-publish","format-standard","hentry","category-quentinhas"],"views":181,"_links":{"self":[{"href":"https:\/\/www.sudoestehoje.com.br\/novoportal\/wp-json\/wp\/v2\/posts\/2652","targetHints":{"allow":["GET"]}}],"collection":[{"href":"https:\/\/www.sudoestehoje.com.br\/novoportal\/wp-json\/wp\/v2\/posts"}],"about":[{"href":"https:\/\/www.sudoestehoje.com.br\/novoportal\/wp-json\/wp\/v2\/types\/post"}],"author":[{"embeddable":true,"href":"https:\/\/www.sudoestehoje.com.br\/novoportal\/wp-json\/wp\/v2\/users\/2"}],"replies":[{"embeddable":true,"href":"https:\/\/www.sudoestehoje.com.br\/novoportal\/wp-json\/wp\/v2\/comments?post=2652"}],"version-history":[{"count":5,"href":"https:\/\/www.sudoestehoje.com.br\/novoportal\/wp-json\/wp\/v2\/posts\/2652\/revisions"}],"predecessor-version":[{"id":2654,"href":"https:\/\/www.sudoestehoje.com.br\/novoportal\/wp-json\/wp\/v2\/posts\/2652\/revisions\/2654"}],"wp:attachment":[{"href":"https:\/\/www.sudoestehoje.com.br\/novoportal\/wp-json\/wp\/v2\/media?parent=2652"}],"wp:term":[{"taxonomy":"category","embeddable":true,"href":"https:\/\/www.sudoestehoje.com.br\/novoportal\/wp-json\/wp\/v2\/categories?post=2652"},{"taxonomy":"post_tag","embeddable":true,"href":"https:\/\/www.sudoestehoje.com.br\/novoportal\/wp-json\/wp\/v2\/tags?post=2652"}],"curies":[{"name":"wp","href":"https:\/\/api.w.org\/{rel}","templated":true}]}}