
{"id":26449,"date":"2013-05-06T23:23:15","date_gmt":"2013-05-07T02:23:15","guid":{"rendered":"http:\/\/www.sudoestehoje.com.br\/novoportal\/?p=26449"},"modified":"2013-05-06T23:23:15","modified_gmt":"2013-05-07T02:23:15","slug":"camara-de-brumado-nega-titulo-de-cidadao-a-marcelo-nilo","status":"publish","type":"post","link":"https:\/\/www.sudoestehoje.com.br\/novoportal\/2013\/05\/06\/camara-de-brumado-nega-titulo-de-cidadao-a-marcelo-nilo\/","title":{"rendered":"C\u00c2MARA DE BRUMADO NEGA T\u00cdTULO DE CIDAD\u00c3O A MARCELO NILO"},"content":{"rendered":"<p style=\"text-align: center;\"><a href=\"http:\/\/www.sudoestehoje.com.br\/novoportal\/wp-content\/uploads\/2013\/05\/NILO.jpg\"><img decoding=\"async\" class=\"aligncenter  wp-image-26450\" alt=\"NILO\" src=\"http:\/\/www.sudoestehoje.com.br\/novoportal\/wp-content\/uploads\/2013\/05\/NILO-500x268.jpg\" width=\"450\" srcset=\"https:\/\/www.sudoestehoje.com.br\/novoportal\/wp-content\/uploads\/2013\/05\/NILO-500x268.jpg 500w, https:\/\/www.sudoestehoje.com.br\/novoportal\/wp-content\/uploads\/2013\/05\/NILO.jpg 595w\" sizes=\"(max-width: 500px) 100vw, 500px\" \/><\/a><\/p>\n<p>&nbsp;<\/p>\n<p>BRUMADO: O presidente da Assembleia Legislativa da Bahia (AL-BA), Marcelo Nilo (PDT), n\u00e3o est\u00e1 sendo visto com bons olhos pelos vereadores de Brumado. Na noite desta segunda-feira, o t\u00edtulo de cidad\u00e3o brumadense ao presidente do legislativo baiano, apresentado pelo vereador Jos\u00e9 Carlos dos Reis (PDT), foi reprovado pelos parlamentares.<\/p>\n<p>Os vereadores da bancada de oposi\u00e7\u00e3o se pautaram no Art. 15 da Lei Org\u00e2nica Municipal, que diz que compete \u00e0 C\u00e2mara Municipal, privativamente, entre outras, a seguinte retribui\u00e7\u00e3o: conceder t\u00edtulo honor\u00edfico a pessoas que tenham reconhecidamente prestado servi\u00e7os ao munic\u00edpio, mediante decreto legislativo aprovado pela maioria de dois ter\u00e7os de seus membros.<\/p>\n<p>O presidente da C\u00e2mara de Brumado, Alessandro L\u00f4bo (PSL), colocou o projeto em vota\u00e7\u00e3o, mas, como a bancada de oposi\u00e7\u00e3o se absteve de votar, n\u00e3o houve votos suficientes para aprovar o t\u00edtulo de cidad\u00e3o brumadense ao deputado. (Brumado Not\u00edcias)<\/p>\n","protected":false},"excerpt":{"rendered":"<p>&nbsp; BRUMADO: O presidente da Assembleia Legislativa da Bahia (AL-BA), Marcelo Nilo (PDT), n\u00e3o est\u00e1 sendo visto com bons olhos pelos vereadores de Brumado. Na noite desta segunda-feira, o t\u00edtulo de cidad\u00e3o brumadense ao presidente do legislativo baiano, apresentado pelo vereador Jos\u00e9 Carlos dos Reis (PDT), foi reprovado pelos parlamentares. Os vereadores da bancada de [&hellip;]<\/p>\n","protected":false},"author":2,"featured_media":0,"comment_status":"open","ping_status":"open","sticky":false,"template":"","format":"standard","meta":{"footnotes":"","_links_to":"","_links_to_target":""},"categories":[1],"tags":[],"class_list":["post-26449","post","type-post","status-publish","format-standard","hentry","category-geral"],"views":1322,"_links":{"self":[{"href":"https:\/\/www.sudoestehoje.com.br\/novoportal\/wp-json\/wp\/v2\/posts\/26449","targetHints":{"allow":["GET"]}}],"collection":[{"href":"https:\/\/www.sudoestehoje.com.br\/novoportal\/wp-json\/wp\/v2\/posts"}],"about":[{"href":"https:\/\/www.sudoestehoje.com.br\/novoportal\/wp-json\/wp\/v2\/types\/post"}],"author":[{"embeddable":true,"href":"https:\/\/www.sudoestehoje.com.br\/novoportal\/wp-json\/wp\/v2\/users\/2"}],"replies":[{"embeddable":true,"href":"https:\/\/www.sudoestehoje.com.br\/novoportal\/wp-json\/wp\/v2\/comments?post=26449"}],"version-history":[{"count":2,"href":"https:\/\/www.sudoestehoje.com.br\/novoportal\/wp-json\/wp\/v2\/posts\/26449\/revisions"}],"predecessor-version":[{"id":26452,"href":"https:\/\/www.sudoestehoje.com.br\/novoportal\/wp-json\/wp\/v2\/posts\/26449\/revisions\/26452"}],"wp:attachment":[{"href":"https:\/\/www.sudoestehoje.com.br\/novoportal\/wp-json\/wp\/v2\/media?parent=26449"}],"wp:term":[{"taxonomy":"category","embeddable":true,"href":"https:\/\/www.sudoestehoje.com.br\/novoportal\/wp-json\/wp\/v2\/categories?post=26449"},{"taxonomy":"post_tag","embeddable":true,"href":"https:\/\/www.sudoestehoje.com.br\/novoportal\/wp-json\/wp\/v2\/tags?post=26449"}],"curies":[{"name":"wp","href":"https:\/\/api.w.org\/{rel}","templated":true}]}}