
{"id":2644,"date":"2010-12-18T11:44:38","date_gmt":"2010-12-18T14:44:38","guid":{"rendered":"http:\/\/www.sudoestehoje.com.br\/novoportal\/?p=2644"},"modified":"2010-12-18T11:44:38","modified_gmt":"2010-12-18T14:44:38","slug":"parametro","status":"publish","type":"post","link":"https:\/\/www.sudoestehoje.com.br\/novoportal\/2010\/12\/18\/parametro\/","title":{"rendered":"PAR\u00c2METRO"},"content":{"rendered":"<p><a href=\"http:\/\/www.sudoestehoje.com.br\/novoportal\/wp-content\/uploads\/2010\/12\/100_41592.jpg\"><img loading=\"lazy\" decoding=\"async\" class=\"alignleft size-thumbnail wp-image-2645\" title=\"100_4159\" src=\"http:\/\/www.sudoestehoje.com.br\/novoportal\/wp-content\/uploads\/2010\/12\/100_41592-150x150.jpg\" alt=\"\" width=\"150\" height=\"150\" \/><\/a>Podemos classificar as pessoas em dois tipos: Participantes e omissos. O cidad\u00e3o participante se envolve com os problemas da coletividade, participa, toma parte. O cidad\u00e3o omisso \u00e9 ausente no cotidiano da comunidade, faltoso, muitas vezes negligente. O cidad\u00e3o que almejar o cargo de prefeito deve pertencer ao grupo dos participantes.<\/p>\n<p>O que motivou homens como: Juvino, Espinheira, Jos\u00e9 Luna, Altamirando, Evandro, e mais recentemente Michel, Jos\u00e9 Otavio, Jos\u00e9 Marcos, e atualmente Jos\u00e9 Carlos, participarem da pol\u00edtica? Assumir o executivo municipal e gerenciar os neg\u00f3cios p\u00fablicos para o \u201cbem\u201d da coletividade, deve ter motivado a decis\u00e3o pessoal.<\/p>\n<p>Este breve coment\u00e1rio justifica-se para estabelecer o par\u00e2retro do governo Jos\u00e9 Carlos. Por bem ou por mal, a gest\u00e3o atual ser\u00e1 comparada \u00e0s dos seus antecessores. Os mais recentes: Jos\u00e9 Marcos (Noralice Gusm\u00e3o, Central II, F\u00f3rum) em uma s\u00f3 gest\u00e3o; Jos\u00e9 Otavio (Aeroporto, Gin\u00e1sio de Esportes, Distrito Industrial, Col\u00e9gio Modelo, Asfaltamento antiga av Itarantin)em dois mandatos; Michel (Lagoa, Central I, Cemit\u00e9rio Parque, Caic, Posto Roberto Santos, Ilumina\u00e7\u00e3o do Est\u00e1dio ACM) em tr\u00eas governos.<\/p>\n<p>\u00c9 preciso perpetuar para a hist\u00f3ria o governo Jos\u00e9 Carlos. Existem possibilidades. Quero escrever no futuro: Jos\u00e9 Carlos (Duplica\u00e7\u00e3o da avenida Julio Jos\u00e9 Rodrigues, Unidade Pronto Atendimento da Nova). \u00c9 preciso acelerar o andamento destas obras. O prefeito deve estar ansioso para conclui-las e escrever seu nome na hist\u00f3ria do seu munic\u00edpio. Que palavrinha danada esta tal de par\u00e2metro. Troque por \u201ccompara\u00e7\u00e3o\u201d.<\/p>\n<p><strong>Por JOS\u00c9 ELIAS RIBEIRO<\/strong><\/p>\n","protected":false},"excerpt":{"rendered":"<p>Podemos classificar as pessoas em dois tipos: Participantes e omissos. O cidad\u00e3o participante se envolve com os problemas da coletividade, participa, toma parte. O cidad\u00e3o omisso \u00e9 ausente no cotidiano da comunidade, faltoso, muitas vezes negligente. O cidad\u00e3o que almejar o cargo de prefeito deve pertencer ao grupo dos participantes. O que motivou homens como: [&hellip;]<\/p>\n","protected":false},"author":2,"featured_media":0,"comment_status":"open","ping_status":"open","sticky":false,"template":"","format":"standard","meta":{"footnotes":"","_links_to":"","_links_to_target":""},"categories":[1],"tags":[],"class_list":["post-2644","post","type-post","status-publish","format-standard","hentry","category-geral"],"views":1179,"_links":{"self":[{"href":"https:\/\/www.sudoestehoje.com.br\/novoportal\/wp-json\/wp\/v2\/posts\/2644","targetHints":{"allow":["GET"]}}],"collection":[{"href":"https:\/\/www.sudoestehoje.com.br\/novoportal\/wp-json\/wp\/v2\/posts"}],"about":[{"href":"https:\/\/www.sudoestehoje.com.br\/novoportal\/wp-json\/wp\/v2\/types\/post"}],"author":[{"embeddable":true,"href":"https:\/\/www.sudoestehoje.com.br\/novoportal\/wp-json\/wp\/v2\/users\/2"}],"replies":[{"embeddable":true,"href":"https:\/\/www.sudoestehoje.com.br\/novoportal\/wp-json\/wp\/v2\/comments?post=2644"}],"version-history":[{"count":3,"href":"https:\/\/www.sudoestehoje.com.br\/novoportal\/wp-json\/wp\/v2\/posts\/2644\/revisions"}],"predecessor-version":[{"id":2648,"href":"https:\/\/www.sudoestehoje.com.br\/novoportal\/wp-json\/wp\/v2\/posts\/2644\/revisions\/2648"}],"wp:attachment":[{"href":"https:\/\/www.sudoestehoje.com.br\/novoportal\/wp-json\/wp\/v2\/media?parent=2644"}],"wp:term":[{"taxonomy":"category","embeddable":true,"href":"https:\/\/www.sudoestehoje.com.br\/novoportal\/wp-json\/wp\/v2\/categories?post=2644"},{"taxonomy":"post_tag","embeddable":true,"href":"https:\/\/www.sudoestehoje.com.br\/novoportal\/wp-json\/wp\/v2\/tags?post=2644"}],"curies":[{"name":"wp","href":"https:\/\/api.w.org\/{rel}","templated":true}]}}