
{"id":26382,"date":"2013-05-03T22:52:22","date_gmt":"2013-05-04T01:52:22","guid":{"rendered":"http:\/\/www.sudoestehoje.com.br\/novoportal\/?p=26382"},"modified":"2013-05-04T13:37:14","modified_gmt":"2013-05-04T16:37:14","slug":"governo-e-sindicatos-fecham-acordo-para-reajuste-dos-servidores-2","status":"publish","type":"post","link":"https:\/\/www.sudoestehoje.com.br\/novoportal\/2013\/05\/03\/governo-e-sindicatos-fecham-acordo-para-reajuste-dos-servidores-2\/","title":{"rendered":"SINDICATOS ADESTRADOS FECHAM ACORDO COM GOVERNO PARA REAJUSTE DOS SERVIDORES DO ESTADO"},"content":{"rendered":"<p><a href=\"http:\/\/www.sudoestehoje.com.br\/novoportal\/wp-content\/uploads\/2013\/05\/ACORDO1.jpg\"><img loading=\"lazy\" decoding=\"async\" class=\"aligncenter size-medium wp-image-26383\" alt=\"ACORDO\" src=\"http:\/\/www.sudoestehoje.com.br\/novoportal\/wp-content\/uploads\/2013\/05\/ACORDO1-500x268.jpg\" width=\"500\" height=\"268\" srcset=\"https:\/\/www.sudoestehoje.com.br\/novoportal\/wp-content\/uploads\/2013\/05\/ACORDO1-500x268.jpg 500w, https:\/\/www.sudoestehoje.com.br\/novoportal\/wp-content\/uploads\/2013\/05\/ACORDO1.jpg 595w\" sizes=\"auto, (max-width: 500px) 100vw, 500px\" \/><\/a><\/p>\n<p>&nbsp;<\/p>\n<p>Sob o protesto dos professores das universidades estaduais, prevaleceu, nesta sexta-feira, 3, a proposta de reajuste salarial feita pelo governo do estado. Ser\u00e3o pagos 5,84% em duas vezes: 2% at\u00e9 junho, retroativo a janeiro, e mais 3,84% partir de julho.<\/p>\n<p>Ap\u00f3s uma reuni\u00e3o que durou cinco horas, em que os servidores tentaram corrigir para 2,5% o \u00edndice do primeiro semestre, lideran\u00e7as de 18\u00a0 dos 19 sindicatos que sentaram \u00e0 mesa de negocia\u00e7\u00e3o aceitaram o acordo.<\/p>\n<p>A exce\u00e7\u00e3o ficou por conta dos professores das universidades estaduais, representadores pela Associa\u00e7\u00e3o de Docentes da Universidades Estaduais da Bahia (Ads), que exigiam que os 5,84%\u00a0 da infla\u00e7\u00e3o fossem retroativos \u00e0 data-base, em janeiro. A associa\u00e7\u00e3o representa cerca de seis mil docentes no Etado.<\/p>\n<p>Nem todos os representantes das categorias em mobiliza\u00e7\u00e3o participaram da reuni\u00e3o desta sexta com governador Jaques Wagner (PT), o l\u00edder governista Z\u00e9 Neto (PT) e o secret\u00e1rio da Administra\u00e7\u00e3o Manoel Vit\u00f3rio. A Tarde<\/p>\n<p>&nbsp;<\/p>\n","protected":false},"excerpt":{"rendered":"<p>&nbsp; Sob o protesto dos professores das universidades estaduais, prevaleceu, nesta sexta-feira, 3, a proposta de reajuste salarial feita pelo governo do estado. Ser\u00e3o pagos 5,84% em duas vezes: 2% at\u00e9 junho, retroativo a janeiro, e mais 3,84% partir de julho. Ap\u00f3s uma reuni\u00e3o que durou cinco horas, em que os servidores tentaram corrigir para [&hellip;]<\/p>\n","protected":false},"author":2,"featured_media":0,"comment_status":"open","ping_status":"open","sticky":false,"template":"","format":"standard","meta":{"footnotes":"","_links_to":"","_links_to_target":""},"categories":[1],"tags":[],"class_list":["post-26382","post","type-post","status-publish","format-standard","hentry","category-geral"],"views":1155,"_links":{"self":[{"href":"https:\/\/www.sudoestehoje.com.br\/novoportal\/wp-json\/wp\/v2\/posts\/26382","targetHints":{"allow":["GET"]}}],"collection":[{"href":"https:\/\/www.sudoestehoje.com.br\/novoportal\/wp-json\/wp\/v2\/posts"}],"about":[{"href":"https:\/\/www.sudoestehoje.com.br\/novoportal\/wp-json\/wp\/v2\/types\/post"}],"author":[{"embeddable":true,"href":"https:\/\/www.sudoestehoje.com.br\/novoportal\/wp-json\/wp\/v2\/users\/2"}],"replies":[{"embeddable":true,"href":"https:\/\/www.sudoestehoje.com.br\/novoportal\/wp-json\/wp\/v2\/comments?post=26382"}],"version-history":[{"count":3,"href":"https:\/\/www.sudoestehoje.com.br\/novoportal\/wp-json\/wp\/v2\/posts\/26382\/revisions"}],"predecessor-version":[{"id":26390,"href":"https:\/\/www.sudoestehoje.com.br\/novoportal\/wp-json\/wp\/v2\/posts\/26382\/revisions\/26390"}],"wp:attachment":[{"href":"https:\/\/www.sudoestehoje.com.br\/novoportal\/wp-json\/wp\/v2\/media?parent=26382"}],"wp:term":[{"taxonomy":"category","embeddable":true,"href":"https:\/\/www.sudoestehoje.com.br\/novoportal\/wp-json\/wp\/v2\/categories?post=26382"},{"taxonomy":"post_tag","embeddable":true,"href":"https:\/\/www.sudoestehoje.com.br\/novoportal\/wp-json\/wp\/v2\/tags?post=26382"}],"curies":[{"name":"wp","href":"https:\/\/api.w.org\/{rel}","templated":true}]}}