
{"id":26368,"date":"2013-05-03T14:57:05","date_gmt":"2013-05-03T17:57:05","guid":{"rendered":"http:\/\/www.sudoestehoje.com.br\/novoportal\/?p=26368"},"modified":"2013-05-03T14:57:05","modified_gmt":"2013-05-03T17:57:05","slug":"itapetinga-presidente-da-camara-empossa-servidores-concursados","status":"publish","type":"post","link":"https:\/\/www.sudoestehoje.com.br\/novoportal\/2013\/05\/03\/itapetinga-presidente-da-camara-empossa-servidores-concursados\/","title":{"rendered":"ITAPETINGA: PRESIDENTE DA C\u00c2MARA EMPOSSA SERVIDORES CONCURSADOS"},"content":{"rendered":"<p style=\"text-align: left;\" align=\"center\"><a href=\"http:\/\/www.sudoestehoje.com.br\/novoportal\/wp-content\/uploads\/2013\/05\/DSC02265.jpg\"><img decoding=\"async\" class=\"wp-image-26369 alignright\" alt=\"DSC02265\" src=\"http:\/\/www.sudoestehoje.com.br\/novoportal\/wp-content\/uploads\/2013\/05\/DSC02265-500x375.jpg\" width=\"250\" srcset=\"https:\/\/www.sudoestehoje.com.br\/novoportal\/wp-content\/uploads\/2013\/05\/DSC02265-500x375.jpg 500w, https:\/\/www.sudoestehoje.com.br\/novoportal\/wp-content\/uploads\/2013\/05\/DSC02265.jpg 640w\" sizes=\"(max-width: 500px) 100vw, 500px\" \/><\/a>Nesta quinta-feira \u00a0(03), a Presidenta da C\u00e2mara de Vereadores de Itapetinga, Nidia Oliveira, deu posse a nove concursados, conforme publica\u00e7\u00e3o Di\u00e1ria Oficial. Participaram do ato, o 1\u00ba Secret\u00e1rio, Vereador Valquir\u00e3o e a Secretaria Geral da CMI, Lucidalva Oliveira.<\/p>\n<p>Passam a fazer parte do quadro efetivo do legislativo local: Jullyana Neves Valadares (Recepcionista), Ana Lucia Sousa de Oliveira (Assessora de Comunica\u00e7\u00e3o), Lidinaldo Gon\u00e7alves dos Santos (Office Boy), Aete Dias Ferraz (Assistente Legislativo), Edvaldo Jos\u00e9 Bonfim Junior (Motorista), Luciano de Oliveira Carvalho (Jardineiro), Ednaldo de Souza Ramaldes, Marcelo Evangelista dos Anjos e William Pacheco de Matos (ambos vigilantes).<\/p>\n<p>A presidenta do Legislativo, Nidia Oliveira, aproveitou a oportunidade para desejar boas vindas aos mais novos integrantes da equipe da C\u00e2mara Municipal e destacar atribui\u00e7\u00f5es de cada servidor.<\/p>\n<p><em><strong>Ascom C\u00e2mara Municipal<\/strong><\/em><\/p>\n","protected":false},"excerpt":{"rendered":"<p>Nesta quinta-feira \u00a0(03), a Presidenta da C\u00e2mara de Vereadores de Itapetinga, Nidia Oliveira, deu posse a nove concursados, conforme publica\u00e7\u00e3o Di\u00e1ria Oficial. Participaram do ato, o 1\u00ba Secret\u00e1rio, Vereador Valquir\u00e3o e a Secretaria Geral da CMI, Lucidalva Oliveira. Passam a fazer parte do quadro efetivo do legislativo local: Jullyana Neves Valadares (Recepcionista), Ana Lucia Sousa [&hellip;]<\/p>\n","protected":false},"author":2,"featured_media":0,"comment_status":"open","ping_status":"open","sticky":false,"template":"","format":"standard","meta":{"footnotes":"","_links_to":"","_links_to_target":""},"categories":[1],"tags":[],"class_list":["post-26368","post","type-post","status-publish","format-standard","hentry","category-geral"],"views":1379,"_links":{"self":[{"href":"https:\/\/www.sudoestehoje.com.br\/novoportal\/wp-json\/wp\/v2\/posts\/26368","targetHints":{"allow":["GET"]}}],"collection":[{"href":"https:\/\/www.sudoestehoje.com.br\/novoportal\/wp-json\/wp\/v2\/posts"}],"about":[{"href":"https:\/\/www.sudoestehoje.com.br\/novoportal\/wp-json\/wp\/v2\/types\/post"}],"author":[{"embeddable":true,"href":"https:\/\/www.sudoestehoje.com.br\/novoportal\/wp-json\/wp\/v2\/users\/2"}],"replies":[{"embeddable":true,"href":"https:\/\/www.sudoestehoje.com.br\/novoportal\/wp-json\/wp\/v2\/comments?post=26368"}],"version-history":[{"count":1,"href":"https:\/\/www.sudoestehoje.com.br\/novoportal\/wp-json\/wp\/v2\/posts\/26368\/revisions"}],"predecessor-version":[{"id":26370,"href":"https:\/\/www.sudoestehoje.com.br\/novoportal\/wp-json\/wp\/v2\/posts\/26368\/revisions\/26370"}],"wp:attachment":[{"href":"https:\/\/www.sudoestehoje.com.br\/novoportal\/wp-json\/wp\/v2\/media?parent=26368"}],"wp:term":[{"taxonomy":"category","embeddable":true,"href":"https:\/\/www.sudoestehoje.com.br\/novoportal\/wp-json\/wp\/v2\/categories?post=26368"},{"taxonomy":"post_tag","embeddable":true,"href":"https:\/\/www.sudoestehoje.com.br\/novoportal\/wp-json\/wp\/v2\/tags?post=26368"}],"curies":[{"name":"wp","href":"https:\/\/api.w.org\/{rel}","templated":true}]}}