
{"id":263,"date":"2010-08-26T10:21:39","date_gmt":"2010-08-26T13:21:39","guid":{"rendered":"http:\/\/sudoestehoje.tempsite.ws\/novoportal\/?p=263"},"modified":"2010-09-18T14:09:21","modified_gmt":"2010-09-18T17:09:21","slug":"lula-e-dilma-participam-hoje-do-comicio-de-wagner-em-salvador","status":"publish","type":"post","link":"https:\/\/www.sudoestehoje.com.br\/novoportal\/2010\/08\/26\/lula-e-dilma-participam-hoje-do-comicio-de-wagner-em-salvador\/","title":{"rendered":"LULA E DILMA PARTICIPAM HOJE DO COM\u00cdCIO DE WAGNER EM SALVADOR"},"content":{"rendered":"<div>\n<p style=\"text-align: center;\"><img decoding=\"async\" class=\"aligncenter\" src=\"http:\/\/3.bp.blogspot.com\/_W-9y5gQILl0\/TD4LBsso3dI\/AAAAAAAAQGA\/zj4bfZs51tY\/s1600\/lula_wagner_dilma_gasoduto_saudacao_26032010.jpg\" border=\"0\" alt=\"\" \/><\/p>\n<p style=\"text-align: center;\">O apoio a Wagner \u00e9 evidente. Quanto a Geddel&#8230;<\/p>\n<p>SALVADOR:  O com\u00edcio que o PT realiza hoje, \u00e0s 19 horas, na Pra\u00e7a Castro Alves  deve ser o maior realizado nestas elei\u00e7\u00f5es pela coliga\u00e7\u00e3o \u201cPra Bahia  Seguir em Frente\u201d. A organiza\u00e7\u00e3o do evento espera reunir 30 mil pessoas.  As principais presen\u00e7as s\u00e3o o presidente Lula e a candidata da legenda \u00e0  Presid\u00eancia, Dilma Rousseff. A dire\u00e7\u00e3o do PT n\u00e3o revelou quanto ser\u00e1  gasto na estrutura do evento, por\u00e9m garante que todo o dinheiro saiu do  bolso dos apoiadores da campanha. \u201cViria de onde? Do Fundo Partid\u00e1rio \u00e9  imposs\u00edvel, \u00e9 ilegal. E ainda se fosse legal, seria insuficiente.  Recebemos R$ 28 mil por m\u00eas do fundo e mal d\u00e1 para pagar as despesas da  sede\u201d, afirmou o presidente da legenda na Bahia, Jonas Paulo. Leia mais  em <a href=\"http:\/\/atarde.ideavalley.com.br\/flip\/\" target=\"_blank\"><span style=\"color: #7d7d7d; font-size: x-small;\">A Tarde<\/span><\/a>. (para assinantes)<\/p>\n<\/div>\n","protected":false},"excerpt":{"rendered":"<p>O apoio a Wagner \u00e9 evidente. Quanto a Geddel&#8230; SALVADOR: O com\u00edcio que o PT realiza hoje, \u00e0s 19 horas, na Pra\u00e7a Castro Alves deve ser o maior realizado nestas elei\u00e7\u00f5es pela coliga\u00e7\u00e3o \u201cPra Bahia Seguir em Frente\u201d. A organiza\u00e7\u00e3o do evento espera reunir 30 mil pessoas. As principais presen\u00e7as s\u00e3o o presidente Lula e [&hellip;]<\/p>\n","protected":false},"author":1,"featured_media":0,"comment_status":"open","ping_status":"open","sticky":false,"template":"","format":"standard","meta":{"footnotes":"","_links_to":"","_links_to_target":""},"categories":[1],"tags":[],"class_list":["post-263","post","type-post","status-publish","format-standard","hentry","category-geral"],"views":1340,"_links":{"self":[{"href":"https:\/\/www.sudoestehoje.com.br\/novoportal\/wp-json\/wp\/v2\/posts\/263","targetHints":{"allow":["GET"]}}],"collection":[{"href":"https:\/\/www.sudoestehoje.com.br\/novoportal\/wp-json\/wp\/v2\/posts"}],"about":[{"href":"https:\/\/www.sudoestehoje.com.br\/novoportal\/wp-json\/wp\/v2\/types\/post"}],"author":[{"embeddable":true,"href":"https:\/\/www.sudoestehoje.com.br\/novoportal\/wp-json\/wp\/v2\/users\/1"}],"replies":[{"embeddable":true,"href":"https:\/\/www.sudoestehoje.com.br\/novoportal\/wp-json\/wp\/v2\/comments?post=263"}],"version-history":[{"count":1,"href":"https:\/\/www.sudoestehoje.com.br\/novoportal\/wp-json\/wp\/v2\/posts\/263\/revisions"}],"predecessor-version":[{"id":264,"href":"https:\/\/www.sudoestehoje.com.br\/novoportal\/wp-json\/wp\/v2\/posts\/263\/revisions\/264"}],"wp:attachment":[{"href":"https:\/\/www.sudoestehoje.com.br\/novoportal\/wp-json\/wp\/v2\/media?parent=263"}],"wp:term":[{"taxonomy":"category","embeddable":true,"href":"https:\/\/www.sudoestehoje.com.br\/novoportal\/wp-json\/wp\/v2\/categories?post=263"},{"taxonomy":"post_tag","embeddable":true,"href":"https:\/\/www.sudoestehoje.com.br\/novoportal\/wp-json\/wp\/v2\/tags?post=263"}],"curies":[{"name":"wp","href":"https:\/\/api.w.org\/{rel}","templated":true}]}}