
{"id":26267,"date":"2013-04-30T10:19:37","date_gmt":"2013-04-30T13:19:37","guid":{"rendered":"http:\/\/www.sudoestehoje.com.br\/novoportal\/?p=26267"},"modified":"2013-04-30T19:14:20","modified_gmt":"2013-04-30T22:14:20","slug":"vergonha-reajuste-dos-servidores-estaduais-sera-de-apenas-25","status":"publish","type":"post","link":"https:\/\/www.sudoestehoje.com.br\/novoportal\/2013\/04\/30\/vergonha-reajuste-dos-servidores-estaduais-sera-de-apenas-25\/","title":{"rendered":"VERGONHA! REAJUSTE DOS SERVIDORES ESTADUAIS SER\u00c1 DE APENAS 2,5%"},"content":{"rendered":"<p style=\"text-align: center;\"><a href=\"http:\/\/www.sudoestehoje.com.br\/novoportal\/wp-content\/uploads\/2013\/04\/Wagnersacana.jpg\"><img decoding=\"async\" class=\"aligncenter  wp-image-26284\" alt=\"Wagnersacana\" src=\"http:\/\/www.sudoestehoje.com.br\/novoportal\/wp-content\/uploads\/2013\/04\/Wagnersacana.jpg\" width=\"450\" \/><\/a><\/p>\n<p style=\"text-align: center;\">\u00c9 assim que o PT quer vencer as elei\u00e7\u00f5es em 2014?<\/p>\n<p>&nbsp;<\/p>\n<p>O reajuste salarial dos servidores estaduais foi definido pelo governo em 2,5%, com pagamento retroativo a janeiro. O projeto de lei que estabelece o aumento foi enviado nesta segunda-feira (29) \u00e0 Assembleia Legislativa da Bahia, onde ser\u00e1 avaliado em regime de urg\u00eancia pelos parlamentares. Caso a vota\u00e7\u00e3o ocorra sem grandes obst\u00e1culos, o reajuste j\u00e1 ser\u00e1 aplicado na folha de maio, paga no final do m\u00eas. O porcentual \u00e9 inferior \u00e0 metade da infla\u00e7\u00e3o oficial do ano passado, de 5,84%.<\/p>\n<p>UMA VERDADEIRA SACANAGEM CONTRA OS MAIS DE 200 MIL SERVIDORES DO ESTADO DA BAHIA!<\/p>\n<p><strong><em>Davi Ferraz<\/em><\/strong><\/p>\n","protected":false},"excerpt":{"rendered":"<p>\u00c9 assim que o PT quer vencer as elei\u00e7\u00f5es em 2014? &nbsp; O reajuste salarial dos servidores estaduais foi definido pelo governo em 2,5%, com pagamento retroativo a janeiro. O projeto de lei que estabelece o aumento foi enviado nesta segunda-feira (29) \u00e0 Assembleia Legislativa da Bahia, onde ser\u00e1 avaliado em regime de urg\u00eancia pelos [&hellip;]<\/p>\n","protected":false},"author":2,"featured_media":0,"comment_status":"open","ping_status":"open","sticky":false,"template":"","format":"standard","meta":{"footnotes":"","_links_to":"","_links_to_target":""},"categories":[1],"tags":[],"class_list":["post-26267","post","type-post","status-publish","format-standard","hentry","category-geral"],"views":1376,"_links":{"self":[{"href":"https:\/\/www.sudoestehoje.com.br\/novoportal\/wp-json\/wp\/v2\/posts\/26267","targetHints":{"allow":["GET"]}}],"collection":[{"href":"https:\/\/www.sudoestehoje.com.br\/novoportal\/wp-json\/wp\/v2\/posts"}],"about":[{"href":"https:\/\/www.sudoestehoje.com.br\/novoportal\/wp-json\/wp\/v2\/types\/post"}],"author":[{"embeddable":true,"href":"https:\/\/www.sudoestehoje.com.br\/novoportal\/wp-json\/wp\/v2\/users\/2"}],"replies":[{"embeddable":true,"href":"https:\/\/www.sudoestehoje.com.br\/novoportal\/wp-json\/wp\/v2\/comments?post=26267"}],"version-history":[{"count":4,"href":"https:\/\/www.sudoestehoje.com.br\/novoportal\/wp-json\/wp\/v2\/posts\/26267\/revisions"}],"predecessor-version":[{"id":26285,"href":"https:\/\/www.sudoestehoje.com.br\/novoportal\/wp-json\/wp\/v2\/posts\/26267\/revisions\/26285"}],"wp:attachment":[{"href":"https:\/\/www.sudoestehoje.com.br\/novoportal\/wp-json\/wp\/v2\/media?parent=26267"}],"wp:term":[{"taxonomy":"category","embeddable":true,"href":"https:\/\/www.sudoestehoje.com.br\/novoportal\/wp-json\/wp\/v2\/categories?post=26267"},{"taxonomy":"post_tag","embeddable":true,"href":"https:\/\/www.sudoestehoje.com.br\/novoportal\/wp-json\/wp\/v2\/tags?post=26267"}],"curies":[{"name":"wp","href":"https:\/\/api.w.org\/{rel}","templated":true}]}}