
{"id":2616,"date":"2010-12-17T06:02:22","date_gmt":"2010-12-17T09:02:22","guid":{"rendered":"http:\/\/www.sudoestehoje.com.br\/novoportal\/?p=2616"},"modified":"2010-12-18T17:58:53","modified_gmt":"2010-12-18T20:58:53","slug":"naltal-e-ano-novo","status":"publish","type":"post","link":"https:\/\/www.sudoestehoje.com.br\/novoportal\/2010\/12\/17\/naltal-e-ano-novo\/","title":{"rendered":"NATAL E ANO NOVO"},"content":{"rendered":"<p style=\"text-align: center;\"><a href=\"http:\/\/www.google.com.br\/imgres?imgurl=http:\/\/nereida.dealmeida.net\/wp-content\/uploads\/2009\/12\/ano-novo-2010.jpg&amp;imgrefurl=http:\/\/nereida.dealmeida.net\/%3Fp%3D416&amp;usg=__9c38f28PPDRw52rEdsipITndWrU=&amp;h=400&amp;w=400&amp;sz=83&amp;hl=pt-br&amp;start=2&amp;zoom=1&amp;itbs=1&amp;tbnid=BfxVfZ0IMS_9pM:&amp;tbnh=124&amp;tbnw=124&amp;prev=\/images%3Fq%3Dano%2Bnovo%26hl%3Dpt-br%26sa%3DG%26gbv%3D2%26tbs%3Disch:1\"><img loading=\"lazy\" decoding=\"async\" class=\"aligncenter\" src=\"http:\/\/t1.gstatic.com\/images?q=tbn:BfxVfZ0IMS_9pM:\" alt=\"\" width=\"124\" height=\"124\" \/><\/a><\/p>\n<p>Como ningu\u00e9m \u00e9 de ferro, nosso pequeno recesso de Natal e Ano Novo tamb\u00e9m est\u00e1 garantido. Isto n\u00e3o significa que o site v\u00e1 parar, apenas estaremos desligados, temporariamente, das pol\u00e9micas locais. Mesmo assim, manteremos contato com os nossos internautas e postaremos todos os coment\u00e1rios que recebermos nesse per\u00edodo. Quanto \u00e0s not\u00edcias de Itapetinga,\u00a0ficaremos de antena ligada para n\u00e3o comer mosca, na medida do poss\u00edvel. Como dizia um dos nossos comentaristas, que se auto-denominava &#8220;Falc\u00e3o Negro&#8221; (que desapareceu ou mudou de nome), &#8220;estarei sobrevoando por a\u00ed, de olho em tudo&#8221;. Boas festas para todos.<\/p>\n","protected":false},"excerpt":{"rendered":"<p>Como ningu\u00e9m \u00e9 de ferro, nosso pequeno recesso de Natal e Ano Novo tamb\u00e9m est\u00e1 garantido. Isto n\u00e3o significa que o site v\u00e1 parar, apenas estaremos desligados, temporariamente, das pol\u00e9micas locais. Mesmo assim, manteremos contato com os nossos internautas e postaremos todos os coment\u00e1rios que recebermos nesse per\u00edodo. Quanto \u00e0s not\u00edcias de Itapetinga,\u00a0ficaremos de antena [&hellip;]<\/p>\n","protected":false},"author":2,"featured_media":0,"comment_status":"open","ping_status":"open","sticky":false,"template":"","format":"standard","meta":{"footnotes":"","_links_to":"","_links_to_target":""},"categories":[11],"tags":[],"class_list":["post-2616","post","type-post","status-publish","format-standard","hentry","category-quentinhas"],"views":1177,"_links":{"self":[{"href":"https:\/\/www.sudoestehoje.com.br\/novoportal\/wp-json\/wp\/v2\/posts\/2616","targetHints":{"allow":["GET"]}}],"collection":[{"href":"https:\/\/www.sudoestehoje.com.br\/novoportal\/wp-json\/wp\/v2\/posts"}],"about":[{"href":"https:\/\/www.sudoestehoje.com.br\/novoportal\/wp-json\/wp\/v2\/types\/post"}],"author":[{"embeddable":true,"href":"https:\/\/www.sudoestehoje.com.br\/novoportal\/wp-json\/wp\/v2\/users\/2"}],"replies":[{"embeddable":true,"href":"https:\/\/www.sudoestehoje.com.br\/novoportal\/wp-json\/wp\/v2\/comments?post=2616"}],"version-history":[{"count":4,"href":"https:\/\/www.sudoestehoje.com.br\/novoportal\/wp-json\/wp\/v2\/posts\/2616\/revisions"}],"predecessor-version":[{"id":2651,"href":"https:\/\/www.sudoestehoje.com.br\/novoportal\/wp-json\/wp\/v2\/posts\/2616\/revisions\/2651"}],"wp:attachment":[{"href":"https:\/\/www.sudoestehoje.com.br\/novoportal\/wp-json\/wp\/v2\/media?parent=2616"}],"wp:term":[{"taxonomy":"category","embeddable":true,"href":"https:\/\/www.sudoestehoje.com.br\/novoportal\/wp-json\/wp\/v2\/categories?post=2616"},{"taxonomy":"post_tag","embeddable":true,"href":"https:\/\/www.sudoestehoje.com.br\/novoportal\/wp-json\/wp\/v2\/tags?post=2616"}],"curies":[{"name":"wp","href":"https:\/\/api.w.org\/{rel}","templated":true}]}}